{"id":11465,"date":"2022-05-07T08:27:52","date_gmt":"2022-05-07T08:27:52","guid":{"rendered":"https:\/\/rdnews.al\/?p=11465"},"modified":"2022-05-07T19:54:04","modified_gmt":"2022-05-07T19:54:04","slug":"vokshi-sqaron-videon-qe-qarkulloi-ne-mediat-prane-qeverise-i-qellimshem-dhe-abuzim-dashakeq","status":"publish","type":"post","link":"https:\/\/rdnews.al\/index.php\/2022\/05\/07\/vokshi-sqaron-videon-qe-qarkulloi-ne-mediat-prane-qeverise-i-qellimshem-dhe-abuzim-dashakeq\/","title":{"rendered":"Vokshi sqaron videon q\u00eb qarkulloi n\u00eb mediat pran\u00eb qeveris\u00eb: I q\u00ebllimsh\u00ebm dhe abuzim dashakeq"},"content":{"rendered":"<p>Nj\u00eb dit\u00eb pas zgjedhjes s\u00eb kryetarit t\u00eb K\u00ebshillit Komb\u00ebtar t\u00eb PD, Komisioni i Organizimit dhe Kontrollit t\u00eb Operacioneve Elektorale ka dal\u00eb n\u00eb nj\u00eb konferenc\u00eb n\u00eb selin\u00eb e PD. Albana Vokshi deklaroi se, Edi Paloka u shpall me mbi 65% t\u00eb votave kryetar dhe se \u00ebsht\u00eb hera e par\u00eb q\u00eb nj\u00eb parti politike kryen nj\u00eb proces kaq transparent.<\/p>\n<p>Ajo sqaroi edhe nj\u00eb video q\u00eb qarkulloi nj\u00eb dit\u00eb m\u00eb par\u00eb n\u00eb mediat pran\u00eb qeveris\u00eb, ku n\u00eb m\u00ebnyr\u00eb t\u00eb q\u00ebllimshme abuzohej me faktin se po flitej p\u00ebr flet\u00ebt e prodhuara, jo p\u00ebr flet\u00ebt e num\u00ebruara.<\/p>\n<p>\u201cKa qen\u00eb i q\u00ebllimsh\u00ebm dhe dashakeq\u00ebse nj\u00eb video dhe un\u00eb gjej rastin ta shpjegoj n\u00eb respekt t\u00eb publikut shqiptar q\u00eb na ka ndjekur.<\/p>\n<p>Diskutimi p\u00ebr t\u00eb cilin b\u00ebhet fjal\u00eb n\u00eb videon e shp\u00ebrndar\u00eb mbr\u00ebm\u00eb \u00ebsht\u00eb rreth flet\u00ebve t\u00eb votimit q\u00eb jan\u00eb prodhuar dhe v\u00ebn\u00eb n\u00eb dispozicion t\u00eb dy tavolinave t\u00eb votimit dhe num\u00ebrimit.<\/p>\n<p>\u00cbsht\u00eb nj\u00eb num\u00ebr total q\u00eb n\u00eb fakt nuk ka r\u00ebnd\u00ebsi. N\u00eb procesverbal nuk ka as num\u00ebr p\u00ebr k\u00ebt\u00eb, pasi \u00ebsht\u00eb i par\u00ebnd\u00ebsish\u00ebm. Komisioner\u00ebt nuk ishin n\u00eb dijeni p\u00ebr numrin total t\u00eb flet\u00ebve t\u00eb prodhuara. Kjo nuk e b\u00ebn pis nj\u00eb proces q\u00eb ka qen\u00eb transparent n\u00eb syt\u00eb e t\u00eb gjith\u00ebve. Askush nuk e cenon vot\u00ebn e demokrat\u00ebve dhe integritetin e k\u00ebtyre votimeve. PD \u00ebsht\u00eb e vendosur p\u00ebr transparenc\u00eb t\u00eb plot\u00eb p\u00ebr ju, pavar\u00ebsisht pengesave q\u00eb mund t\u00eb hasen\u201d,\u00a0tha Vokshi.<\/p>\n","protected":false},"excerpt":{"rendered":"<p>Nj\u00eb dit\u00eb pas zgjedhjes s\u00eb kryetarit t\u00eb K\u00ebshillit Komb\u00ebtar t\u00eb PD, Komisioni i Organizimit dhe Kontrollit t\u00eb Operacioneve Elektorale ka dal\u00eb n\u00eb nj\u00eb konferenc\u00eb n\u00eb selin\u00eb e PD. Albana Vokshi deklaroi se, Edi Paloka u shpall me mbi 65% t\u00eb votave kryetar dhe se \u00ebsht\u00eb hera e par\u00eb q\u00eb nj\u00eb parti politike kryen nj\u00eb proces &hellip;<\/p>\n","protected":false},"author":4,"featured_media":11580,"comment_status":"open","ping_status":"open","sticky":false,"template":"","format":"standard","meta":{"footnotes":""},"categories":[40],"tags":[],"class_list":["post-11465","post","type-post","status-publish","format-standard","has-post-thumbnail","","category-aktualitet"],"_links":{"self":[{"href":"https:\/\/rdnews.al\/index.php\/wp-json\/wp\/v2\/posts\/11465","targetHints":{"allow":["GET"]}}],"collection":[{"href":"https:\/\/rdnews.al\/index.php\/wp-json\/wp\/v2\/posts"}],"about":[{"href":"https:\/\/rdnews.al\/index.php\/wp-json\/wp\/v2\/types\/post"}],"author":[{"embeddable":true,"href":"https:\/\/rdnews.al\/index.php\/wp-json\/wp\/v2\/users\/4"}],"replies":[{"embeddable":true,"href":"https:\/\/rdnews.al\/index.php\/wp-json\/wp\/v2\/comments?post=11465"}],"version-history":[{"count":0,"href":"https:\/\/rdnews.al\/index.php\/wp-json\/wp\/v2\/posts\/11465\/revisions"}],"wp:featuredmedia":[{"embeddable":true,"href":"https:\/\/rdnews.al\/index.php\/wp-json\/wp\/v2\/media\/11580"}],"wp:attachment":[{"href":"https:\/\/rdnews.al\/index.php\/wp-json\/wp\/v2\/media?parent=11465"}],"wp:term":[{"taxonomy":"category","embeddable":true,"href":"https:\/\/rdnews.al\/index.php\/wp-json\/wp\/v2\/categories?post=11465"},{"taxonomy":"post_tag","embeddable":true,"href":"https:\/\/rdnews.al\/index.php\/wp-json\/wp\/v2\/tags?post=11465"}],"curies":[{"name":"wp","href":"https:\/\/api.w.org\/{rel}","templated":true}]}}