{"id":114682,"date":"2025-05-23T08:43:56","date_gmt":"2025-05-23T08:43:56","guid":{"rendered":"https:\/\/rdnews.al\/?p=114682"},"modified":"2025-05-23T08:43:56","modified_gmt":"2025-05-23T08:43:56","slug":"europiane-na-e-keni-shpifur","status":"publish","type":"post","link":"https:\/\/rdnews.al\/index.php\/2025\/05\/23\/europiane-na-e-keni-shpifur\/","title":{"rendered":"Europian\u00eb, na e keni shpifur!"},"content":{"rendered":"<p><strong>Nga Lu\u00e7iano BO\u00c7I<\/strong><\/p>\n<p>Samiti i BE p\u00ebrtej agjendave politike t\u00eb shteteve an\u00ebtare, u interpretua nga prit\u00ebsit (Rama) si nj\u00eb akt certifikimi i nj\u00eb bat\u00ebrdie zgjedhore e denj\u00eb p\u00ebr vendet e bot\u00ebs s\u00eb tret\u00eb.<\/p>\n<p>N\u00eb nj\u00eb sall\u00eb t\u00eb veshur me \u00e7menduri traktesh me ngjyra, servilizma t\u00eb p\u00ebshtira, shfrime deliresh, shqiptar\u00ebt pan\u00eb e d\u00ebgjuan se si u shk\u00ebrmoq para ekraneve, \u00ebndrra e tyre e dikurshme p\u00ebr Shqip\u00ebrin\u00eb si gjith\u00eb Europa.<\/p>\n<p>Natyrsh\u00ebm jo pa ironi, pyetja e par\u00eb e post samitit \u00ebsht\u00eb:<\/p>\n<p>A jemi ne si Europa, apo ne kemi zbuluar se Europa \u00ebsht\u00eb si ne, pas 35 vitesh?!<\/p>\n<p>Sepse \u00ebsht\u00eb krejt e pamundur q\u00eb njer\u00ebzit e gjith\u00ebpushtetsh\u00ebm t\u00eb vendeve-\u00ebnd\u00ebrr ta shkelin e posht\u00ebrojn\u00eb me k\u00ebmb\u00eb at\u00eb \u00ebndrr\u00ebn ton\u00eb, duke ju hedhur n\u00eb qaf\u00eb me urime nj\u00eb njeriu q\u00eb ka p\u00ebrdhosur \u00e7do norm\u00eb demokracie dhe europiane, nj\u00eb narkomani q\u00eb ka themeluar nj\u00eb narkoshtet n\u00eb zem\u00ebr t\u00eb nj\u00eb Europe t\u00eb lodhur nga vaniteti i mir\u00ebqenies dhe nga mplakja e besimit.<\/p>\n<p>Mir\u00eb q\u00eb na keni l\u00ebn\u00eb p\u00ebr 35 viteve dyerve t\u00eb portave tuaja t\u00eb r\u00ebnda, por na e kurseni s\u00eb paku teatrin absurd t\u00eb shitjes s\u00eb vlerave e parimeve dhe ndjenj\u00ebn e t\u00eb shpifurit ndaj \u201cdashuris\u00eb\u201d suaj dhe \u201chabis\u00eb\u201d suaj p\u00ebr udh\u00ebheq\u00ebsin suprem-maoist tonin.<\/p>\n<p>Ju liderat \u201ce pagabuesh\u00ebm\u201d t\u00eb k\u00ebsaj Europe t\u00eb vjetruar, duhet ta dini mir\u00eb se p\u00ebr shum\u00eb shqiptar\u00eb, Bashkimi Evropian ka qen\u00eb p\u00ebr dekada simboli i shpres\u00ebs, demokracis\u00eb dhe drejt\u00ebsis\u00eb.<\/p>\n<p>Nuk jua kemi borxh t\u00eb kund\u00ebrt\u00ebn, sepse ai spektakli juaj n\u00ebn avujt e miklimeve politike e ka krisur e madje thyer k\u00ebt\u00eb besim.<\/p>\n<p>Mb\u00ebshtetja e p\u00ebrs\u00ebritur dhe pothuajse e neveritshme p\u00ebr Edi Ram\u00ebn, p\u00ebr arsye tuajat meskine apo t\u00eb sh\u00ebndosha shtet\u00ebrore, edhe n\u00eb rastet kur ka prova t\u00eb forta p\u00ebr manipulime zgjedhore dhe kapje t\u00eb institucioneve, ka minuar besimin e thell\u00eb q\u00eb qytetar\u00ebt kan\u00eb pasur ndaj jush.<\/p>\n<p>A mos vall\u00eb ju gjerman\u00eb nuk keni dijeni p\u00ebr p\u00ebrgjimet e publikuara nga \u201cBild\u201d, ku zyrtar\u00eb t\u00eb lart\u00eb t\u00eb PS-s\u00eb d\u00ebgjohen duke organizuar blerjen e votave?!<\/p>\n<p>Apo ndoshta ju belg\u00eb, holandez\u00eb, spanjoll\u00eb, suedez\u00eb etj, nuk njihni gjetjet e OSBE\/ODIHR, organizat\u00ebs suaj t\u00eb certifikuar nd\u00ebrkombtarisht, p\u00ebr shkelje t\u00eb r\u00ebnda t\u00eb pandodhura n\u00eb nj\u00eb vend europian, t\u00eb denja p\u00ebr Indin\u00eb e viteve \u201870 dhe vendet e Afrik\u00ebs, n\u00eb procesin zgjedhor?!<\/p>\n<p>Po ju francez\u00ebve nuk jua kan\u00eb th\u00ebn\u00eb ende sh\u00ebrbimet tuaja t\u00eb siguris\u00eb, se gjuha e dyt\u00eb m\u00eb e p\u00ebrdorur n\u00eb Sky-Encro nuk \u00ebsht\u00eb fr\u00ebngjishtja,por shqipja dhe se nga thyerja e sistemit q\u00eb i b\u00ebt\u00eb ju, del qart\u00eb bashk\u00ebpunimi politik i Ram\u00ebs me bandat p\u00ebr t\u00eb rr\u00ebmbyer zgjedhjet, p\u00ebr t\u00eb pastruar para e p\u00ebr t\u00eb fuqizuar krimin?!<\/p>\n<p>Po ju italian\u00eb nuk e dini akoma q\u00eb mafia juaj sot sipas antimafias suaj t\u00eb famshme, konkurrohet bindsh\u00ebm nga mafia shqiptare q\u00eb fuqin\u00eb anteiste e ka tek mb\u00ebshtetja e politik\u00ebs dhe shtetit t\u00eb Edi Ram\u00ebs, apo verbimi p\u00ebr nj\u00eb burg emigrant\u00ebsh ju a ka err\u00ebsuar mendjen dhe logjik\u00ebn demokratike e at\u00eb konservatore?!<\/p>\n<p>Po selit\u00eb tuaja diplomatike, apo ajo e BE nuk lexojn\u00eb dot rastet e njohura n\u00eb k\u00ebto zgjedhje me fakte t\u00eb denoncuara nga opozita e media ku qytetar\u00ebt ndihen t\u00eb shantazhuar, t\u00eb bler\u00eb ose t\u00eb braktisur?!<\/p>\n<p>Rastet kur procesi zgjedhor \u00ebsht\u00eb hedhur n\u00eb er\u00eb?!<\/p>\n<p>Kur vota rr\u00ebmbehet e tjet\u00ebrsohet me grupe kriminale, patronazhim politik e administrativ, me para ose k\u00ebrc\u00ebnim p\u00ebr vendin e pun\u00ebs, buk\u00ebn e goj\u00ebs, madje deri dhe deri me jet\u00eb?!<\/p>\n<p>A doni m\u00eb shum\u00eb se kaq?!<\/p>\n<p>Ndoshta, ndoshta, ju ende nuk e keni kuptuar t\u00eb dashur evropian\u00eb q\u00eb Rama ka p\u00ebrdorur hanxhar\u00ebt e drejt\u00ebsis\u00eb s\u00eb futur n\u00eb xhepin e tij, p\u00ebr t\u00eb p\u00ebrndjekur e burgosur kund\u00ebrshtar\u00ebt politik\u00eb, bash si\u00e7 b\u00ebri paraardh\u00ebsi i tij Hoxha, sepse ting\u00ebllon cinike dhe absurde q\u00eb ju vazhdoni t\u00eb shprehni \u201ck\u00ebnaq\u00ebsi\u201d p\u00ebr \u201creformat\u201d dhe \u201cp\u00ebrparimin\u201d e Ram\u00ebs.<\/p>\n<p>Un\u00eb nuk jam diplomat zot\u00ebrinj, por kjo nuk \u00ebsht\u00eb m\u00eb diplomaci. Kjo quhet bashk\u00ebfaj\u00ebsi!<\/p>\n<p>BE-ja duhet t\u00eb kuptoj\u00eb nj\u00eb gj\u00eb themelore: Shqip\u00ebria nuk ka nevoj\u00eb p\u00ebr nj\u00eb autokrat t\u00eb dekoruar me miratime nd\u00ebrkomb\u00ebtare.<\/p>\n<p>Nuk ka nevoj\u00eb as p\u00ebr prindi 1 e 2 e as p\u00ebr martesa burr\u00eb me burr\u00eb e grua me grua e as p\u00ebr surrogaci.<\/p>\n<p>Ka nevoj\u00eb p\u00ebr zgjedhje t\u00eb lira, drejt\u00ebsi t\u00eb pavarur dhe institucione q\u00eb u sh\u00ebrbejn\u00eb qytetar\u00ebve, jo partive.<\/p>\n<p>Mb\u00ebshtetja q\u00eb i \u00ebsht\u00eb dh\u00ebn\u00eb dhe jepet Ram\u00ebs nga ju, pavar\u00ebsisht shkeljeve t\u00eb demokracis\u00eb, \u00ebsht\u00eb mesazhi m\u00eb i keq q\u00eb mund t\u2019u jepet shqiptar\u00ebve: se nuk ka r\u00ebnd\u00ebsi sa padrejt\u00ebsi ndodhin, sa vota vidhen apo sa njer\u00ebz largohen \u2013 mjafton q\u00eb t\u00eb mbash nj\u00eb fasad\u00eb \u201cstabiliteti\u201d.<\/p>\n<p>E gjitha kjo ta shpif zot\u00ebrinj europian\u00eb!<\/p>\n<p>Ah, n\u00eb fund dhe nj\u00eb gj\u00eb:<\/p>\n<p>Qeshuni europian\u00eb me pamjet tuaja prej f\u00ebmij\u00ebsh t\u00eb servirura nga \u00e7menduria e kultivuar dhe inteligjenca artificiale nj\u00ebherazi.<\/p>\n<p>Qeshuni!<\/p>\n<p>Rama asht i juaji!<\/p>\n<p>Por megjithat\u00eb, mos harroni se Europa \u00ebsht\u00eb e shqiptar\u00ebve.<\/p>\n","protected":false},"excerpt":{"rendered":"<p>Nga Lu\u00e7iano BO\u00c7I Samiti i BE p\u00ebrtej agjendave politike t\u00eb shteteve an\u00ebtare, u interpretua nga prit\u00ebsit (Rama) si nj\u00eb akt certifikimi i nj\u00eb bat\u00ebrdie zgjedhore e denj\u00eb p\u00ebr vendet e bot\u00ebs s\u00eb tret\u00eb. N\u00eb nj\u00eb sall\u00eb t\u00eb veshur me \u00e7menduri traktesh me ngjyra, servilizma t\u00eb p\u00ebshtira, shfrime deliresh, shqiptar\u00ebt pan\u00eb e d\u00ebgjuan se si u &hellip;<\/p>\n","protected":false},"author":4,"featured_media":114683,"comment_status":"closed","ping_status":"closed","sticky":false,"template":"","format":"standard","meta":{"footnotes":""},"categories":[44],"tags":[],"class_list":["post-114682","post","type-post","status-publish","format-standard","has-post-thumbnail","","category-editorial"],"_links":{"self":[{"href":"https:\/\/rdnews.al\/index.php\/wp-json\/wp\/v2\/posts\/114682","targetHints":{"allow":["GET"]}}],"collection":[{"href":"https:\/\/rdnews.al\/index.php\/wp-json\/wp\/v2\/posts"}],"about":[{"href":"https:\/\/rdnews.al\/index.php\/wp-json\/wp\/v2\/types\/post"}],"author":[{"embeddable":true,"href":"https:\/\/rdnews.al\/index.php\/wp-json\/wp\/v2\/users\/4"}],"replies":[{"embeddable":true,"href":"https:\/\/rdnews.al\/index.php\/wp-json\/wp\/v2\/comments?post=114682"}],"version-history":[{"count":1,"href":"https:\/\/rdnews.al\/index.php\/wp-json\/wp\/v2\/posts\/114682\/revisions"}],"predecessor-version":[{"id":114684,"href":"https:\/\/rdnews.al\/index.php\/wp-json\/wp\/v2\/posts\/114682\/revisions\/114684"}],"wp:featuredmedia":[{"embeddable":true,"href":"https:\/\/rdnews.al\/index.php\/wp-json\/wp\/v2\/media\/114683"}],"wp:attachment":[{"href":"https:\/\/rdnews.al\/index.php\/wp-json\/wp\/v2\/media?parent=114682"}],"wp:term":[{"taxonomy":"category","embeddable":true,"href":"https:\/\/rdnews.al\/index.php\/wp-json\/wp\/v2\/categories?post=114682"},{"taxonomy":"post_tag","embeddable":true,"href":"https:\/\/rdnews.al\/index.php\/wp-json\/wp\/v2\/tags?post=114682"}],"curies":[{"name":"wp","href":"https:\/\/api.w.org\/{rel}","templated":true}]}}