{"id":114685,"date":"2025-05-23T08:49:56","date_gmt":"2025-05-23T08:49:56","guid":{"rendered":"https:\/\/rdnews.al\/?p=114685"},"modified":"2025-05-23T08:49:56","modified_gmt":"2025-05-23T08:49:56","slug":"mungesa-e-pergjegjesise-se-qeverisjes-rilindase","status":"publish","type":"post","link":"https:\/\/rdnews.al\/index.php\/2025\/05\/23\/mungesa-e-pergjegjesise-se-qeverisjes-rilindase\/","title":{"rendered":"Mungesa e p\u00ebrgjegj\u00ebsis\u00eb s\u00eb qeverisjes rilindase!"},"content":{"rendered":"<p><strong>Nga Elona CASLLI<\/strong><\/p>\n<p>P\u00ebr t\u00eb kuptuar seriozitetin e qeverisjes rilindase mjafton vet\u00ebm rasti i Artan Lames. Kryeministri shfaq lajmin n\u00eb rrjetet sociale dhe shpreh ngush\u00ebllimet p\u00ebr familjen, Kryetarja e Parlamentit gjithashtu. Nd\u00ebrkoh\u00eb q\u00eb Artan Lame nuk ka vdekur, por \u00ebsht\u00eb n\u00eb gjendje kritike p\u00ebr jet\u00ebn, sipas njoftimit t\u00eb familjar\u00ebve.<\/p>\n<p>Nuk \u00ebsht\u00eb zbatuar ligji themeltar i gazetaris\u00eb nga stafi pran\u00eb Kryeministrit dhe Kryetares s\u00eb Parlamentit; Verifiko v\u00ebrtet\u00ebsin\u00eb e lajmit, para se ta publikosh.<\/p>\n<p>Ve\u00e7 munges\u00ebs s\u00eb p\u00ebrgjegj\u00ebsis\u00eb s\u00eb stafit p\u00ebrkat\u00ebs, n\u00eb raport njer\u00ebzor mjaftonte nj\u00eb telefonat\u00eb te familjar\u00ebt e Artan Lames p\u00ebr t\u00eb marr\u00eb vesh se Lame \u00ebsht\u00eb n\u00eb luft\u00eb p\u00ebr jet\u00ebn dhe \u00ebsht\u00eb ende n\u00eb jet\u00eb.<\/p>\n<p>Lind pyetja; Kryeministri dhe Kryetarja e Parlamentit kan\u00eb shfaqur ngush\u00ebllime publike, para se t\u00eb kryenin ngush\u00ebllimet private?!<\/p>\n<p>Post Scriptum- Ngush\u00ebllimi publik, para ngush\u00ebllimit privat na \u00e7on n\u00eb nj\u00eb situat\u00eb ku n\u00eb profilin e Kryeministrit dhe Kryetares s\u00eb Parlamentit, Artan Lame \u00ebsht\u00eb me shirit t\u00eb zi q\u00eb prej 11 or\u00ebsh, nd\u00ebrkoh\u00eb q\u00eb ende merr frym\u00eb.<\/p>\n","protected":false},"excerpt":{"rendered":"<p>Nga Elona CASLLI P\u00ebr t\u00eb kuptuar seriozitetin e qeverisjes rilindase mjafton vet\u00ebm rasti i Artan Lames. Kryeministri shfaq lajmin n\u00eb rrjetet sociale dhe shpreh ngush\u00ebllimet p\u00ebr familjen, Kryetarja e Parlamentit gjithashtu. Nd\u00ebrkoh\u00eb q\u00eb Artan Lame nuk ka vdekur, por \u00ebsht\u00eb n\u00eb gjendje kritike p\u00ebr jet\u00ebn, sipas njoftimit t\u00eb familjar\u00ebve. Nuk \u00ebsht\u00eb zbatuar ligji themeltar i &hellip;<\/p>\n","protected":false},"author":4,"featured_media":18683,"comment_status":"closed","ping_status":"closed","sticky":false,"template":"","format":"standard","meta":{"footnotes":""},"categories":[44],"tags":[],"class_list":["post-114685","post","type-post","status-publish","format-standard","has-post-thumbnail","","category-editorial"],"_links":{"self":[{"href":"https:\/\/rdnews.al\/index.php\/wp-json\/wp\/v2\/posts\/114685","targetHints":{"allow":["GET"]}}],"collection":[{"href":"https:\/\/rdnews.al\/index.php\/wp-json\/wp\/v2\/posts"}],"about":[{"href":"https:\/\/rdnews.al\/index.php\/wp-json\/wp\/v2\/types\/post"}],"author":[{"embeddable":true,"href":"https:\/\/rdnews.al\/index.php\/wp-json\/wp\/v2\/users\/4"}],"replies":[{"embeddable":true,"href":"https:\/\/rdnews.al\/index.php\/wp-json\/wp\/v2\/comments?post=114685"}],"version-history":[{"count":1,"href":"https:\/\/rdnews.al\/index.php\/wp-json\/wp\/v2\/posts\/114685\/revisions"}],"predecessor-version":[{"id":114686,"href":"https:\/\/rdnews.al\/index.php\/wp-json\/wp\/v2\/posts\/114685\/revisions\/114686"}],"wp:featuredmedia":[{"embeddable":true,"href":"https:\/\/rdnews.al\/index.php\/wp-json\/wp\/v2\/media\/18683"}],"wp:attachment":[{"href":"https:\/\/rdnews.al\/index.php\/wp-json\/wp\/v2\/media?parent=114685"}],"wp:term":[{"taxonomy":"category","embeddable":true,"href":"https:\/\/rdnews.al\/index.php\/wp-json\/wp\/v2\/categories?post=114685"},{"taxonomy":"post_tag","embeddable":true,"href":"https:\/\/rdnews.al\/index.php\/wp-json\/wp\/v2\/tags?post=114685"}],"curies":[{"name":"wp","href":"https:\/\/api.w.org\/{rel}","templated":true}]}}