{"id":114687,"date":"2025-05-23T08:56:57","date_gmt":"2025-05-23T08:56:57","guid":{"rendered":"https:\/\/rdnews.al\/?p=114687"},"modified":"2025-05-23T08:56:57","modified_gmt":"2025-05-23T08:56:57","slug":"ura-dokumenti-qe-nxjerr-zbuluar-dumanin-urdher-arrestet-u-leshuan-me-30-prill-masat-u-ekzekutuan-pas-zgjedhjeve-te-11-majit","status":"publish","type":"post","link":"https:\/\/rdnews.al\/index.php\/2025\/05\/23\/ura-dokumenti-qe-nxjerr-zbuluar-dumanin-urdher-arrestet-u-leshuan-me-30-prill-masat-u-ekzekutuan-pas-zgjedhjeve-te-11-majit\/","title":{"rendered":"&#8220;Ura&#8221;\/ Dokumenti q\u00eb nxjerr zbuluar Dumanin! Urdh\u00ebr-arrestet u l\u00ebshuan m\u00eb 30 prill, masat u ekzekutuan pas zgjedhjeve t\u00eb 11 majit!"},"content":{"rendered":"<div id=\"rekl-49\">Prova t\u00eb reja kan\u00eb dal\u00eb n\u00eb drit\u00eb p\u00ebr operacionin nd\u00ebrkomb\u00ebtar \u2018Ura\u2019 t\u00eb iniciuara nga \u00a0autoritetet italiane, lidhur me trafikun e narkotik\u00ebve, ku n\u00eb krye t\u00eb tri bandave kriminale q\u00ebndronin shqiptar\u00ebt, se si urdh\u00ebr arrestet p\u00ebr personat e p\u00ebrfshir\u00eb jan\u00eb l\u00ebshuar q\u00eb para mbajtjes s\u00eb zgjedhjeve elektorale t\u00eb 11 majit, n\u00eb m\u00ebnyr\u00eb q\u00eb k\u00ebto t\u00eb fundit t\u00eb punojn\u00eb p\u00ebr mazhoranc\u00ebn n\u00eb pushtet.<\/div>\n<div class=\"readmore-text-here\">\n<p>Syri Tv ka siguruar dosjen me 29 urdh\u00ebr arrestet e l\u00ebshuara p\u00ebr shqiptar\u00ebt e p\u00ebrfshir\u00eb n\u00eb trafikun nd\u00ebrkomb\u00ebtar t\u00eb drog\u00ebs, e cila mban dat\u00ebn e 30 prill, nd\u00ebrsa SPAK kujtohet t\u00eb b\u00ebj\u00eb ekzekutimin e masave gati nj\u00eb muaj m\u00eb pas.<\/p>\n<div class=\"fotogaleri\">\n<div class=\"bx-wrapper\">\n<div class=\"bx-viewport\">\n<ul class=\"read-slider\">\n<li><a href=\"https:\/\/www.syri.net\/fotogaleria\/790220\/ura-rrezon-mashtrimin-publik-te-dumanit-urdher-arrestet-u-leshuan-me-30-prill-masat-u-ekzekutuan-pas-zgjedhjeve-te-11-majit\/\" target=\"_blank\" rel=\"noopener\"><img decoding=\"async\" src=\"https:\/\/www.syri.net\/uploads\/syri.net\/images\/2025\/May\/23\/auto_11747988672.jpeg\" \/><i class=\"fa fa-search-plus syri_zoom\" aria-hidden=\"true\"><\/i><\/a><\/li>\n<\/ul>\n<\/div>\n<div class=\"bx-controls bx-has-pager bx-has-controls-direction\">\n<div class=\"bx-pager bx-default-pager\">1 \/ 7<\/div>\n<div class=\"bx-controls-direction\"><a class=\"bx-prev\" href=\"https:\/\/www.syri.net\/kronike\/790220\/ura-rrezon-mashtrimin-publik-te-dumanit-urdher-arrestet-u-leshuan-me-30-prill-masat-u-ekzekutuan-pas-zgjedhjeve-te-11-majit\/\" target=\"_blank\" rel=\"noopener\">Prev<\/a><a class=\"bx-next\" href=\"https:\/\/www.syri.net\/kronike\/790220\/ura-rrezon-mashtrimin-publik-te-dumanit-urdher-arrestet-u-leshuan-me-30-prill-masat-u-ekzekutuan-pas-zgjedhjeve-te-11-majit\/\" target=\"_blank\" rel=\"noopener\">Next<\/a><\/div>\n<\/div>\n<\/div>\n<\/div>\n<p>Sipas dosjes hetimore, e siguruar nga gazetari Fatjon Gjinaj, thuhet se 29 urdh\u00ebr arrestet jan\u00eb l\u00ebshuar nga Gjykata e Posa\u00e7me e Shkall\u00ebs s\u00eb Par\u00eb m\u00eb 30.04.2025, pas k\u00ebrkes\u00ebs s\u00eb SPAK t\u00eb paraqitur n\u00eb GJKKO q\u00eb\u00a0m\u00eb 19 mars t\u00eb k\u00ebtij viti, koh\u00eb e mjaftueshme q\u00eb operacioni \u2018Ura\u2019 t\u00eb dekonspirohej dhe personat e p\u00ebrfshir\u00eb n\u00eb k\u00ebt\u00eb trafik, apo kokat kryesore t\u00eb largoheshin, n\u00eb pamund\u00ebsi p\u00ebr t\u2019u gjetur si\u00e7 ndodh r\u00ebndom nga operacionet e autoriteteve shqiptare, kryesisht ato policore dhe BKH-s\u00eb.<\/p>\n<p>Urdh\u00ebr arrestet jan\u00eb l\u00ebshuar p\u00ebr:<\/p>\n<p><em>Elvis Do\u00e7i<\/em><\/p>\n<p><em>Indrit Tafili<\/em><\/p>\n<p><em>Ogert Shqevi<\/em><\/p>\n<p><em>Artan Sulejmani<\/em><\/p>\n<p><em>Orges Molla<\/em><\/p>\n<p><em>Sued Elezi<\/em><\/p>\n<p><em>Genti Nderjaku<\/em><\/p>\n<p><em>Hasan Nderjaku<\/em><\/p>\n<p><em>Altin Morina<\/em><\/p>\n<p><em>Armand Tragaj<\/em><\/p>\n<p><em>Rando Aliu<\/em><\/p>\n<p><em>Musa Korca<\/em><\/p>\n<p><em>Alfred Hysa<\/em><\/p>\n<p><em>Altin Pjetri<\/em><\/p>\n<p><em>Ligor \u00c7ombashi<\/em><\/p>\n<p><em>Edmond \u00c7upi<\/em><\/p>\n<p><em>Naim Behluli<\/em><\/p>\n<p><em>Edison Cukaj<\/em><\/p>\n<p><em>Serxhio Shkodra<\/em><\/p>\n<p><em>Ervis Deti<\/em><\/p>\n<p><em>Bexhed Mema<\/em><\/p>\n<p><em>Emri Hysenaj<\/em><\/p>\n<p><em>Artur Shkoza<\/em><\/p>\n<p><em>Sokol Isteri<\/em><\/p>\n<p><em>Ervin Zeqiri<\/em><\/p>\n<p><em>G\u00ebzim Thartori<\/em><\/p>\n<p><em>Ledio Bardhi<\/em><\/p>\n<p><em>Juxhin Drazhi<\/em><\/p>\n<p><em>Erind Lasku.<\/em><\/p>\n<p>T\u00eb gjith\u00eb k\u00ebta shtetas shqiptar\u00eb, pjes\u00eb e narkotrafikut nd\u00ebrkomb\u00ebtar, akuzohen p\u00ebr veprat penale: \u2018Trafikimi i narkotik\u00ebve\u2019, \u2018Grupi i strukturuar kriminal\u2019, \u2018Kryeja e veprave penale nga organizata kriminale apo grupi i strukturuar kriminal\u2019 dhe \u2018Pastrim i produkteve t\u00eb vepr\u00ebs penale apo veprimtaris\u00eb kriminale\u2019, nd\u00ebrsa disa prej tyre do t\u00eb njihen k\u00ebt\u00eb t\u00eb premte me masat e siguris\u00eb &#8216;Arrest n\u00eb\u00a0burg&#8217;.<\/p>\n<\/div>\n","protected":false},"excerpt":{"rendered":"<p>Prova t\u00eb reja kan\u00eb dal\u00eb n\u00eb drit\u00eb p\u00ebr operacionin nd\u00ebrkomb\u00ebtar \u2018Ura\u2019 t\u00eb iniciuara nga \u00a0autoritetet italiane, lidhur me trafikun e narkotik\u00ebve, ku n\u00eb krye t\u00eb tri bandave kriminale q\u00ebndronin shqiptar\u00ebt, se si urdh\u00ebr arrestet p\u00ebr personat e p\u00ebrfshir\u00eb jan\u00eb l\u00ebshuar q\u00eb para mbajtjes s\u00eb zgjedhjeve elektorale t\u00eb 11 majit, n\u00eb m\u00ebnyr\u00eb q\u00eb k\u00ebto t\u00eb fundit &hellip;<\/p>\n","protected":false},"author":4,"featured_media":114688,"comment_status":"closed","ping_status":"closed","sticky":false,"template":"","format":"standard","meta":{"footnotes":""},"categories":[37],"tags":[],"class_list":["post-114687","post","type-post","status-publish","format-standard","has-post-thumbnail","","category-politike"],"_links":{"self":[{"href":"https:\/\/rdnews.al\/index.php\/wp-json\/wp\/v2\/posts\/114687","targetHints":{"allow":["GET"]}}],"collection":[{"href":"https:\/\/rdnews.al\/index.php\/wp-json\/wp\/v2\/posts"}],"about":[{"href":"https:\/\/rdnews.al\/index.php\/wp-json\/wp\/v2\/types\/post"}],"author":[{"embeddable":true,"href":"https:\/\/rdnews.al\/index.php\/wp-json\/wp\/v2\/users\/4"}],"replies":[{"embeddable":true,"href":"https:\/\/rdnews.al\/index.php\/wp-json\/wp\/v2\/comments?post=114687"}],"version-history":[{"count":1,"href":"https:\/\/rdnews.al\/index.php\/wp-json\/wp\/v2\/posts\/114687\/revisions"}],"predecessor-version":[{"id":114689,"href":"https:\/\/rdnews.al\/index.php\/wp-json\/wp\/v2\/posts\/114687\/revisions\/114689"}],"wp:featuredmedia":[{"embeddable":true,"href":"https:\/\/rdnews.al\/index.php\/wp-json\/wp\/v2\/media\/114688"}],"wp:attachment":[{"href":"https:\/\/rdnews.al\/index.php\/wp-json\/wp\/v2\/media?parent=114687"}],"wp:term":[{"taxonomy":"category","embeddable":true,"href":"https:\/\/rdnews.al\/index.php\/wp-json\/wp\/v2\/categories?post=114687"},{"taxonomy":"post_tag","embeddable":true,"href":"https:\/\/rdnews.al\/index.php\/wp-json\/wp\/v2\/tags?post=114687"}],"curies":[{"name":"wp","href":"https:\/\/api.w.org\/{rel}","templated":true}]}}