{"id":114690,"date":"2025-05-23T09:38:54","date_gmt":"2025-05-23T09:38:54","guid":{"rendered":"https:\/\/rdnews.al\/?p=114690"},"modified":"2025-05-23T09:39:13","modified_gmt":"2025-05-23T09:39:13","slug":"114690","status":"publish","type":"post","link":"https:\/\/rdnews.al\/index.php\/2025\/05\/23\/114690\/","title":{"rendered":"Masakra zgjedhore\/ Meta: Tjet\u00ebrsimi mafioz i vot\u00ebs, nj\u00eb k\u00ebrc\u00ebnim p\u00ebr demokracin\u00eb!"},"content":{"rendered":"<p>Presidenti i Partis\u00eb s\u00eb Liris\u00eb, Ilir Meta ka reaguar n\u00eb nj\u00eb postim n\u00eb rrjetin social Facebook, ku ka denoncuar ashp\u00ebr procesin zgjedhor, duke e cil\u00ebsuar si nj\u00eb masak\u00ebr t\u00eb organizuar nga ajo q\u00eb ai e quan \u201cNarkoregjimi\u201d.<\/p>\n<p>Ai akuzon pushtetin aktual p\u00ebr p\u00ebrdorimin sistematik t\u00eb bandave kriminale, shit-blerjes s\u00eb vot\u00ebs, presioneve mbi qytetar\u00ebt, si dhe p\u00ebr keqp\u00ebrdorimin e administrat\u00ebs dhe pasurive publike, me q\u00ebllim tjet\u00ebrsimin e vullnetit t\u00eb lir\u00eb t\u00eb votuesve. Sipas tij, kjo situat\u00eb p\u00ebrb\u00ebn nj\u00eb deformim mafioz dhe t\u00eb dhunsh\u00ebm t\u00eb demokracis\u00eb n\u00eb vend.<\/p>\n<p><strong>Reagimi<\/strong><\/p>\n<p>Banditizmi elektoral, \u201ctreni bullgar\u201d, shit-blerja e votave, presionet p\u00ebr buk\u00ebn e goj\u00ebs, p\u00ebrdorimi i bandave dhe kriminel\u00ebve elektorale, parave t\u00eb pista t\u00eb trafiqeve dhe drog\u00ebs, keqp\u00ebrdorimi i administrat\u00ebs publike dhe aseteve shtet\u00ebrore dhe t\u00eb gjitha provat e masakr\u00ebs elektorale, q\u00eb po dalin n\u00eb drit\u00eb t\u00eb diellit, t\u00eb organizuar nga Narkoregjimi tregojn\u00eb qart\u00eb nj\u00eb tjet\u00ebrsim mafioz, total dhe t\u00eb dhunsh\u00ebm\u00a0 t\u00eb vullnetit t\u00eb lir\u00eb t\u00eb qytetar\u00ebve.<\/p>\n<p>Ky regjim i bazuar mbi krimin, q\u00eb bazon \u00e7do gj\u00eb n\u00eb tjet\u00ebrsimin, manipulimin dhe n\u00eb inflitrimin e njer\u00ebzve t\u00eb korruptuar brenda opozit\u00ebs, p\u00ebrmes mekanizmave shtr\u00ebngues t\u00eb \u201cDrejt\u00ebsis\u00eb s\u00eb Re\u201d, shkat\u00ebrroi standardet e zgjedhjeve, demokracin\u00eb dhe shtetin e s\u00eb drejt\u00ebs.<\/p>\n<p>Beteja p\u00ebr vot\u00ebn e lir\u00eb \u00ebsht\u00eb e pakthyeshme p\u00ebr t\u00eb mbrojtur Shqip\u00ebrin\u00eb nga gremina dhe shqiptar\u00ebt nga kthetrat e Narkoshtetit kriminal.<\/p>\n<p>Ne nuk do t\u00eb ndalemi p\u00ebrball\u00eb asnj\u00eb shantazhi, presioni apo manipulimi. Do t\u00eb evidentojm\u00eb dhe denoncojm\u00eb \u00e7do shkelje, \u00e7do abuzim, \u00e7do tentativ\u00eb p\u00ebr t\u00eb kthyer zgjedhjet n\u00eb nj\u00eb fars\u00eb, formalitet dhe n\u00eb falsitet total.<\/p>\n<p>Mbrojtja e vot\u00ebs s\u00eb lir\u00eb \u00ebsht\u00eb nj\u00eb mision komb\u00ebtar p\u00ebr t\u00eb rikthyer Shqip\u00ebrin\u00eb n\u00eb rrug\u00ebn e demokracis\u00eb s\u00eb v\u00ebrtet\u00eb, t\u00eb shtetit t\u00eb s\u00eb drejt\u00ebs dhe barazis\u00eb para ligjit p\u00ebr t\u00eb gjith\u00eb.<\/p>\n<p>Sot beteja \u00ebsht\u00eb mes narkokriminel\u00ebve q\u00eb kan\u00eb zaptuar pushtetin dhe t\u00eb drejt\u00ebs s\u00eb qytetar\u00ebve p\u00ebr t\u00eb zgjedhur me vullnetin e tyre njer\u00ebzit, q\u00eb respektojn\u00eb Kushtetut\u00ebn dhe ligjin.<\/p>\n<p>Themeli i fitores \u00ebsht\u00eb vota e lir\u00eb ndaj t\u00eb b\u00ebjm\u00eb \u00e7do sakrific\u00eb p\u00ebr t\u2019ja shkulur pushtetin Narkoqeveris\u00eb dhe p\u00ebr t\u2019ja kthyer pushtetin qytetar\u00ebve.<\/p>\n<div class=\"readmore-text-here\">\n<p><em><iframe loading=\"lazy\" src=\"https:\/\/www.facebook.com\/plugins\/video.php?height=316&amp;href=https%3A%2F%2Fwww.facebook.com%2Filirmetazyrtar%2Fvideos%2F1890347831710635%2F&amp;show_text=false&amp;width=560&amp;t=0\" width=\"560\" height=\"316\" frameborder=\"0\" scrolling=\"no\" allowfullscreen=\"allowfullscreen\" data-mce-fragment=\"1\"><\/iframe><\/em><\/p>\n<\/div>\n<div id=\"rekl-33\"><\/div>\n","protected":false},"excerpt":{"rendered":"<p>Presidenti i Partis\u00eb s\u00eb Liris\u00eb, Ilir Meta ka reaguar n\u00eb nj\u00eb postim n\u00eb rrjetin social Facebook, ku ka denoncuar ashp\u00ebr procesin zgjedhor, duke e cil\u00ebsuar si nj\u00eb masak\u00ebr t\u00eb organizuar nga ajo q\u00eb ai e quan \u201cNarkoregjimi\u201d. Ai akuzon pushtetin aktual p\u00ebr p\u00ebrdorimin sistematik t\u00eb bandave kriminale, shit-blerjes s\u00eb vot\u00ebs, presioneve mbi qytetar\u00ebt, si dhe &hellip;<\/p>\n","protected":false},"author":4,"featured_media":114691,"comment_status":"closed","ping_status":"closed","sticky":false,"template":"","format":"standard","meta":{"footnotes":""},"categories":[37],"tags":[],"class_list":["post-114690","post","type-post","status-publish","format-standard","has-post-thumbnail","","category-politike"],"_links":{"self":[{"href":"https:\/\/rdnews.al\/index.php\/wp-json\/wp\/v2\/posts\/114690","targetHints":{"allow":["GET"]}}],"collection":[{"href":"https:\/\/rdnews.al\/index.php\/wp-json\/wp\/v2\/posts"}],"about":[{"href":"https:\/\/rdnews.al\/index.php\/wp-json\/wp\/v2\/types\/post"}],"author":[{"embeddable":true,"href":"https:\/\/rdnews.al\/index.php\/wp-json\/wp\/v2\/users\/4"}],"replies":[{"embeddable":true,"href":"https:\/\/rdnews.al\/index.php\/wp-json\/wp\/v2\/comments?post=114690"}],"version-history":[{"count":2,"href":"https:\/\/rdnews.al\/index.php\/wp-json\/wp\/v2\/posts\/114690\/revisions"}],"predecessor-version":[{"id":114693,"href":"https:\/\/rdnews.al\/index.php\/wp-json\/wp\/v2\/posts\/114690\/revisions\/114693"}],"wp:featuredmedia":[{"embeddable":true,"href":"https:\/\/rdnews.al\/index.php\/wp-json\/wp\/v2\/media\/114691"}],"wp:attachment":[{"href":"https:\/\/rdnews.al\/index.php\/wp-json\/wp\/v2\/media?parent=114690"}],"wp:term":[{"taxonomy":"category","embeddable":true,"href":"https:\/\/rdnews.al\/index.php\/wp-json\/wp\/v2\/categories?post=114690"},{"taxonomy":"post_tag","embeddable":true,"href":"https:\/\/rdnews.al\/index.php\/wp-json\/wp\/v2\/tags?post=114690"}],"curies":[{"name":"wp","href":"https:\/\/api.w.org\/{rel}","templated":true}]}}