{"id":114694,"date":"2025-05-23T10:29:10","date_gmt":"2025-05-23T10:29:10","guid":{"rendered":"https:\/\/rdnews.al\/?p=114694"},"modified":"2025-05-23T10:30:19","modified_gmt":"2025-05-23T10:30:19","slug":"farsa-elektorale-berisha-komuniteti-nderkombetar-i-shpalli-te-vdekura-zgjedhjet-10-dite-perpara-se-te-zhvilloheshin","status":"publish","type":"post","link":"https:\/\/rdnews.al\/index.php\/2025\/05\/23\/farsa-elektorale-berisha-komuniteti-nderkombetar-i-shpalli-te-vdekura-zgjedhjet-10-dite-perpara-se-te-zhvilloheshin\/","title":{"rendered":"Berisha: Komuniteti nd\u00ebrkomb\u00ebtar i shpalli t\u00eb vdekura zgjedhjet 10 dit\u00eb p\u00ebrpara se t\u00eb zhvilloheshin"},"content":{"rendered":"<p>Kryetari i PD, Sali Berisha n\u00eb koferenc\u00ebn me gazetar\u00ebt tha se, komuniteti nd\u00ebrkomb\u00ebtar i shpalli t\u00eb vdekura zgjedhjet 10 dit\u00eb p\u00ebrpara se t\u00eb zhvilloheshin. Ai tha se \u00a0kan\u00eb qen\u00ebrezolutat nd\u00ebrkomb\u00ebtare t\u00eb CDI, IDU, PPE, q\u00eb kan\u00eb denoncuar publikisht shtetin e Edi Ram\u00ebs, si nj\u00eb sip\u00ebrmarrje e p\u00ebrbashk\u00ebt me krimin e organizuar.<\/p>\n<p>\u201cRezolutat nd\u00ebrkomb\u00ebtare t\u00eb CDI, IDU, PPE kan\u00eb denoncuar publikisht dhe me germa t\u00eb m\u00ebdha shtetin e Edi Ram\u00ebs si nj\u00eb sip\u00ebrmarrje e p\u00ebrbashk\u00ebt me krimin e organizuar. Kjo \u00ebsht\u00eb e v\u00ebrteta e pamohueshme.<\/p>\n<p>Pasi ato jan\u00eb njohur me qindra e qindra fakte t\u00eb pakund\u00ebrshtueshme, kan\u00eb konkluduar se shteti aktual shqiptar \u00ebsht\u00eb nj\u00eb sip\u00ebrmarrje e p\u00ebrbashk\u00ebt me krimin e organizuar.<\/p>\n<p>Kjo \u00ebsht\u00eb arsyeja nd\u00ebr m\u00eb kryesoret se pse komuniteti nd\u00ebrkomb\u00ebtar i qendr\u00ebs s\u00eb djatht\u00eb i d\u00ebnoi me d\u00ebnim kapital me dat\u00ebn 30 prill 2025, zgjedhjet q\u00eb do zhvilloheshin 10 dit\u00eb m\u00eb von\u00eb n\u00eb Shqip\u00ebri.<\/p>\n<p>Cilido q\u00eb lexon rezolut\u00ebn e Valencias, t\u00eb censuruar n\u00eb m\u00ebnyr\u00ebn m\u00eb totale, pothuaj, nga mediat e qeveris\u00eb p\u00ebr shqiptar\u00ebt, konstaton se ajo rezolut\u00eb i thot\u00eb opinionit publik nd\u00ebrkomb\u00ebtar dhe shqiptar\u00ebve se n\u00eb Shqip\u00ebri nuk do ket\u00eb zgjedhje por fars\u00eb elektorale.<\/p>\n<p>Kjo \u00ebsht\u00eb e v\u00ebrteta absolute.<\/p>\n<p>Si p\u00ebr asnj\u00eb zgjedhje t\u00eb tjera, un\u00eb nuk di n\u00eb memorien e koh\u00ebrave, q\u00eb nj\u00eb zgjedhje t\u00eb d\u00ebnohet 10 dit\u00eb para zhvillimit.<\/p>\n<p>E them k\u00ebt\u00eb sepse komuniteti nd\u00ebrkomb\u00ebtar kurr\u00eb nuk udh\u00ebhiqet nga paragjykimi.<\/p>\n<p>Ose thot\u00eb, kur nuk ka siguri, thot\u00eb ka dyshime.<\/p>\n<p>Por k\u00ebtu nuk thot\u00eb se ka dyshime, ka deklaruar se Edi Rama po blen vota me lek\u00eb.<\/p>\n<p>Se ka par\u00eb vendimin p\u00ebr dh\u00ebnien e 100 eurove p\u00ebr pensionist\u00ebt.<\/p>\n<p>Ka deklaruar se po blen vota me kanabis sepse ka par\u00eb vendimin e dh\u00ebnies s\u00eb 138 licencave.<\/p>\n<p>Nuk ka deklaruar se do fal\u00eb gjoba, se ky vendim ishte i dy dit\u00ebve t\u00eb fundit.<\/p>\n<p>Pra, kemi t\u00eb b\u00ebjm\u00eb nj\u00eb vdekje t\u00eb paralajm\u00ebruar t\u00eb procesit zgjedhor dhe zhvillimin e paralajm\u00ebruar t\u00eb nj\u00eb farse t\u00eb plot\u00eb zgjedhore si\u00e7 zhvillohet n\u00eb t\u00eb gjitha regjimet narkodiktatoriale\u201d, tha Berisha.<\/p>\n","protected":false},"excerpt":{"rendered":"<p>Kryetari i PD, Sali Berisha n\u00eb koferenc\u00ebn me gazetar\u00ebt tha se, komuniteti nd\u00ebrkomb\u00ebtar i shpalli t\u00eb vdekura zgjedhjet 10 dit\u00eb p\u00ebrpara se t\u00eb zhvilloheshin. Ai tha se \u00a0kan\u00eb qen\u00ebrezolutat nd\u00ebrkomb\u00ebtare t\u00eb CDI, IDU, PPE, q\u00eb kan\u00eb denoncuar publikisht shtetin e Edi Ram\u00ebs, si nj\u00eb sip\u00ebrmarrje e p\u00ebrbashk\u00ebt me krimin e organizuar. \u201cRezolutat nd\u00ebrkomb\u00ebtare t\u00eb CDI, &hellip;<\/p>\n","protected":false},"author":4,"featured_media":114695,"comment_status":"closed","ping_status":"closed","sticky":false,"template":"","format":"standard","meta":{"footnotes":""},"categories":[37],"tags":[],"class_list":["post-114694","post","type-post","status-publish","format-standard","has-post-thumbnail","","category-politike"],"_links":{"self":[{"href":"https:\/\/rdnews.al\/index.php\/wp-json\/wp\/v2\/posts\/114694","targetHints":{"allow":["GET"]}}],"collection":[{"href":"https:\/\/rdnews.al\/index.php\/wp-json\/wp\/v2\/posts"}],"about":[{"href":"https:\/\/rdnews.al\/index.php\/wp-json\/wp\/v2\/types\/post"}],"author":[{"embeddable":true,"href":"https:\/\/rdnews.al\/index.php\/wp-json\/wp\/v2\/users\/4"}],"replies":[{"embeddable":true,"href":"https:\/\/rdnews.al\/index.php\/wp-json\/wp\/v2\/comments?post=114694"}],"version-history":[{"count":2,"href":"https:\/\/rdnews.al\/index.php\/wp-json\/wp\/v2\/posts\/114694\/revisions"}],"predecessor-version":[{"id":114697,"href":"https:\/\/rdnews.al\/index.php\/wp-json\/wp\/v2\/posts\/114694\/revisions\/114697"}],"wp:featuredmedia":[{"embeddable":true,"href":"https:\/\/rdnews.al\/index.php\/wp-json\/wp\/v2\/media\/114695"}],"wp:attachment":[{"href":"https:\/\/rdnews.al\/index.php\/wp-json\/wp\/v2\/media?parent=114694"}],"wp:term":[{"taxonomy":"category","embeddable":true,"href":"https:\/\/rdnews.al\/index.php\/wp-json\/wp\/v2\/categories?post=114694"},{"taxonomy":"post_tag","embeddable":true,"href":"https:\/\/rdnews.al\/index.php\/wp-json\/wp\/v2\/tags?post=114694"}],"curies":[{"name":"wp","href":"https:\/\/api.w.org\/{rel}","templated":true}]}}