{"id":114698,"date":"2025-05-23T10:36:43","date_gmt":"2025-05-23T10:36:43","guid":{"rendered":"https:\/\/rdnews.al\/?p=114698"},"modified":"2025-05-23T11:44:28","modified_gmt":"2025-05-23T11:44:28","slug":"skandali-qeveria-presion-vezhguesve-te-osbe-odihr-per-raportin-e-11-majit-denoncimi","status":"publish","type":"post","link":"https:\/\/rdnews.al\/index.php\/2025\/05\/23\/skandali-qeveria-presion-vezhguesve-te-osbe-odihr-per-raportin-e-11-majit-denoncimi\/","title":{"rendered":"Skandali\/Qeveria, presion v\u00ebzhguesve t\u00eb OSBE\/ODIHR p\u00ebr raportin e 11 majit, denoncimi&#8230;"},"content":{"rendered":"<p style=\"margin: 0in; margin-bottom: .0001pt; background: white; vertical-align: baseline;\"><span style=\"font-size: 10.5pt; font-family: 'Helvetica','sans-serif'; color: #333333;\">Ministri i Jasht\u00ebm, Igli Hasani ka th\u00ebrritur n\u00eb zyr\u00ebn e tij n\u00eb takim v\u00ebzhguesit e OSBE\/ODIHR q\u00eb monitoruan zgjedhjet e 11 majit. OSBE\/ODIHR i konsideroi zgjedhjet e 11 majit t\u00eb pabarabarta dhe ka denoncuar blerjen e votave, k\u00ebrc\u00ebnimet e votuesve, p\u00ebrsfhirjen e administrat\u00ebs n\u00eb zgjedhje dhe krime t\u00eb tjera elektorale. <\/span><\/p>\n<p style=\"margin: 0in; margin-bottom: .0001pt; background: white; vertical-align: baseline;\"><span style=\"font-size: 10.5pt; font-family: 'Helvetica','sans-serif'; color: #333333;\">Ministri I Jasht\u00ebm n\u00eb nj\u00eb rast q\u00eb ka precedet\u00eb vet\u00ebm vendet diktatoriale I ka k\u00ebrkuar llogari v\u00ebzhguesve t\u00eb OSBE\/ODIHR p\u00ebr raportin dhe kritikat p\u00ebr zgjedhjet. Kyetari i PD, Berisha deklaroi sot se e d\u00ebnon k\u00ebt\u00eb presion t\u00eb qeveris\u00eb ndaj v\u00ebzhguesve nd\u00ebrkomb\u00ebtar\u00eb. <\/span><\/p>\n","protected":false},"excerpt":{"rendered":"<p>Ministri i Jasht\u00ebm, Igli Hasani ka th\u00ebrritur n\u00eb zyr\u00ebn e tij n\u00eb takim v\u00ebzhguesit e OSBE\/ODIHR q\u00eb monitoruan zgjedhjet e 11 majit. OSBE\/ODIHR i konsideroi zgjedhjet e 11 majit t\u00eb pabarabarta dhe ka denoncuar blerjen e votave, k\u00ebrc\u00ebnimet e votuesve, p\u00ebrsfhirjen e administrat\u00ebs n\u00eb zgjedhje dhe krime t\u00eb tjera elektorale. Ministri I Jasht\u00ebm n\u00eb nj\u00eb &hellip;<\/p>\n","protected":false},"author":3,"featured_media":114699,"comment_status":"closed","ping_status":"closed","sticky":false,"template":"","format":"standard","meta":{"footnotes":""},"categories":[37],"tags":[],"class_list":["post-114698","post","type-post","status-publish","format-standard","has-post-thumbnail","","category-politike"],"_links":{"self":[{"href":"https:\/\/rdnews.al\/index.php\/wp-json\/wp\/v2\/posts\/114698","targetHints":{"allow":["GET"]}}],"collection":[{"href":"https:\/\/rdnews.al\/index.php\/wp-json\/wp\/v2\/posts"}],"about":[{"href":"https:\/\/rdnews.al\/index.php\/wp-json\/wp\/v2\/types\/post"}],"author":[{"embeddable":true,"href":"https:\/\/rdnews.al\/index.php\/wp-json\/wp\/v2\/users\/3"}],"replies":[{"embeddable":true,"href":"https:\/\/rdnews.al\/index.php\/wp-json\/wp\/v2\/comments?post=114698"}],"version-history":[{"count":2,"href":"https:\/\/rdnews.al\/index.php\/wp-json\/wp\/v2\/posts\/114698\/revisions"}],"predecessor-version":[{"id":114740,"href":"https:\/\/rdnews.al\/index.php\/wp-json\/wp\/v2\/posts\/114698\/revisions\/114740"}],"wp:featuredmedia":[{"embeddable":true,"href":"https:\/\/rdnews.al\/index.php\/wp-json\/wp\/v2\/media\/114699"}],"wp:attachment":[{"href":"https:\/\/rdnews.al\/index.php\/wp-json\/wp\/v2\/media?parent=114698"}],"wp:term":[{"taxonomy":"category","embeddable":true,"href":"https:\/\/rdnews.al\/index.php\/wp-json\/wp\/v2\/categories?post=114698"},{"taxonomy":"post_tag","embeddable":true,"href":"https:\/\/rdnews.al\/index.php\/wp-json\/wp\/v2\/tags?post=114698"}],"curies":[{"name":"wp","href":"https:\/\/api.w.org\/{rel}","templated":true}]}}