{"id":114701,"date":"2025-05-23T10:46:36","date_gmt":"2025-05-23T10:46:36","guid":{"rendered":"https:\/\/rdnews.al\/?p=114701"},"modified":"2025-05-23T10:46:36","modified_gmt":"2025-05-23T10:46:36","slug":"berisha-denoncon-me-emra-krimi-futi-ne-parlament-28-deputete-kater-prej-tyre-moren-80-mije-vota","status":"publish","type":"post","link":"https:\/\/rdnews.al\/index.php\/2025\/05\/23\/berisha-denoncon-me-emra-krimi-futi-ne-parlament-28-deputete-kater-prej-tyre-moren-80-mije-vota\/","title":{"rendered":"Berisha denoncon me emra: Krimi futi n\u00eb parlament 28 deputet\u00eb! Kat\u00ebr prej tyre mor\u00ebn 80 mij\u00eb vota"},"content":{"rendered":"<p>Lideri i opozit\u00ebs, Sali Berisha gjat\u00eb nj\u00eb konferenc\u00eb shtypi ka denoncuar pjes\u00ebmarrjen dhe ndikimin masiv t\u00eb krimit ne zgjedhjet e 11 majit.<\/p>\n<p>Berisha tha se, krimi futi n\u00eb parlament 28 deputet\u00eb\u201d! \u00ab\u00a0Vet\u00ebm kat\u00ebr prej tyre mor\u00ebn 80 mij\u00eb vota.<\/p>\n<p>\u201c11 Maji, do ndalem vet\u00ebm n\u00eb nj\u00eb aspekt. N\u00eb aspektin me t\u00eb cilin fillova.<\/p>\n<p>Ky shtet \u00ebsht\u00eb nd\u00ebrmarrje e p\u00ebrbashk\u00ebt me krimin e organizuar.<\/p>\n<p>Krahas patronazhist\u00ebve, krahas blerjes publike t\u00eb votave, bota e krimit n\u00eb k\u00ebto zgjedhje ishte m\u00eb zyrtare se kurr\u00eb.\u00a0Ishte zyrtare!<\/p>\n<p>Ajo veproi n\u00eb ombrell\u00ebn e prokuroris\u00eb dhe politik\u00ebs, Edi Ram\u00ebs, me t\u00eb gjith\u00eb mjetet e veta.<\/p>\n<p>Bandat n\u00eb qytetet e m\u00ebdha t\u00eb vendit, por jo vet\u00ebm ato, arrit\u00ebn t\u00eb fusin n\u00eb parlament, t\u00eb punojn\u00eb p\u00ebr 28 deputet\u00eb.<\/p>\n<p>Para jush, n\u00eb fushat\u00eb, un\u00eb kam denoncuar bashk\u00ebrendimin e bandave t\u00eb Durr\u00ebsit dhe Elbasanit, darkat e shpeshta tek nj\u00eb lokal n\u00eb Shk\u00ebmbin e Kavaj\u00ebs, n\u00eb mos gabohem di\u00e7ka me kuajt ka ky lokal, ku darkonin s\u00eb bashku Ergys Agasi, Elvis Do\u00e7i, Suel \u00c7ela, Vangjush Dako.<\/p>\n<p>Tani, pas k\u00ebtij denoncimi, ata u transferuan nga lokali Kodra e Kuajve, tek sht\u00ebpia e Dakos n\u00eb Bllok.\u00a0Aty jan\u00eb organizuar t\u00eb gjitha takimet. K\u00ebto jan\u00eb t\u00eb gjitha t\u00eb denoncuara.<\/p>\n<p>Tani, t\u00eb pyesim pak shqiptar\u00ebt, t\u00eb kujt jan\u00eb votat?\u00a0Vet\u00ebm tre nga k\u00ebta kandidat\u00eb ose kat\u00ebr nga k\u00ebta kandidat\u00eb, kan\u00eb 80 mij\u00eb vota t\u00eb regjistruara.<\/p>\n<p>Kampion \u00ebsht\u00eb natyrisht Sara Mile.<\/p>\n<p>Kampion \u00ebsht\u00eb Arkend Balla.<\/p>\n<p>Kampion \u00ebsht\u00eb Ani Dyrmishi.<\/p>\n<p>Kampion \u00ebsht\u00eb Blendi Xhabafti.<\/p>\n<p>K\u00ebta t\u00eb kat\u00ebr s\u00eb bashku b\u00ebjn\u00eb rreth 80 mij\u00eb vota dhe k\u00ebta jan\u00eb vet\u00ebm pararoja e kontingjentit t\u00eb krimit t\u00eb 28 deputet\u00ebve q\u00eb bandat mor\u00ebn urdh\u00ebr nga Edi Rama p\u00ebr t\u2019i mb\u00ebshtetur.<\/p>\n<p>Avoket\u00ebrve t\u00eb fars\u00ebs elektorale t\u00eb narkoqeveris\u00eb u them se duke mbrojtur fars\u00ebn, kryeni nj\u00eb krim t\u00eb sh\u00ebmtuar kund\u00ebr lirive m\u00eb themelore t\u00eb qytetar\u00ebve shqiptar\u00eb.<\/p>\n<p>Dhe d\u00ebshmoheni m\u00eb mercenar\u00eb se \u00e7do lloj mercenari tjet\u00ebr.<\/p>\n<p>Shtroj edhe nj\u00ebher\u00eb pyetjen, t\u00eb kujt jan\u00eb 80 mij\u00eb vota t\u00eb deputet\u00ebve t\u00eb partis\u00eb s\u00eb krimit?<\/p>\n<p>T\u00eb kujt jan\u00eb? Nj\u00eb lidhje e plot\u00eb dhe totale me pushtetin\u201d, tha Berisha.<\/p>\n","protected":false},"excerpt":{"rendered":"<p>Lideri i opozit\u00ebs, Sali Berisha gjat\u00eb nj\u00eb konferenc\u00eb shtypi ka denoncuar pjes\u00ebmarrjen dhe ndikimin masiv t\u00eb krimit ne zgjedhjet e 11 majit. Berisha tha se, krimi futi n\u00eb parlament 28 deputet\u00eb\u201d! \u00ab\u00a0Vet\u00ebm kat\u00ebr prej tyre mor\u00ebn 80 mij\u00eb vota. \u201c11 Maji, do ndalem vet\u00ebm n\u00eb nj\u00eb aspekt. N\u00eb aspektin me t\u00eb cilin fillova. Ky shtet &hellip;<\/p>\n","protected":false},"author":4,"featured_media":114702,"comment_status":"closed","ping_status":"closed","sticky":false,"template":"","format":"standard","meta":{"footnotes":""},"categories":[37],"tags":[],"class_list":["post-114701","post","type-post","status-publish","format-standard","has-post-thumbnail","","category-politike"],"_links":{"self":[{"href":"https:\/\/rdnews.al\/index.php\/wp-json\/wp\/v2\/posts\/114701","targetHints":{"allow":["GET"]}}],"collection":[{"href":"https:\/\/rdnews.al\/index.php\/wp-json\/wp\/v2\/posts"}],"about":[{"href":"https:\/\/rdnews.al\/index.php\/wp-json\/wp\/v2\/types\/post"}],"author":[{"embeddable":true,"href":"https:\/\/rdnews.al\/index.php\/wp-json\/wp\/v2\/users\/4"}],"replies":[{"embeddable":true,"href":"https:\/\/rdnews.al\/index.php\/wp-json\/wp\/v2\/comments?post=114701"}],"version-history":[{"count":1,"href":"https:\/\/rdnews.al\/index.php\/wp-json\/wp\/v2\/posts\/114701\/revisions"}],"predecessor-version":[{"id":114703,"href":"https:\/\/rdnews.al\/index.php\/wp-json\/wp\/v2\/posts\/114701\/revisions\/114703"}],"wp:featuredmedia":[{"embeddable":true,"href":"https:\/\/rdnews.al\/index.php\/wp-json\/wp\/v2\/media\/114702"}],"wp:attachment":[{"href":"https:\/\/rdnews.al\/index.php\/wp-json\/wp\/v2\/media?parent=114701"}],"wp:term":[{"taxonomy":"category","embeddable":true,"href":"https:\/\/rdnews.al\/index.php\/wp-json\/wp\/v2\/categories?post=114701"},{"taxonomy":"post_tag","embeddable":true,"href":"https:\/\/rdnews.al\/index.php\/wp-json\/wp\/v2\/tags?post=114701"}],"curies":[{"name":"wp","href":"https:\/\/api.w.org\/{rel}","templated":true}]}}