{"id":114704,"date":"2025-05-23T10:53:24","date_gmt":"2025-05-23T10:53:24","guid":{"rendered":"https:\/\/rdnews.al\/?p=114704"},"modified":"2025-05-23T10:53:24","modified_gmt":"2025-05-23T10:53:24","slug":"berisha-poja-ishte-i-ftuari-i-rames-surreli-perdorej-per-takime-bandash-edhe-zeqineja-u-zgjodh-me-votat-e-krimit","status":"publish","type":"post","link":"https:\/\/rdnews.al\/index.php\/2025\/05\/23\/berisha-poja-ishte-i-ftuari-i-rames-surreli-perdorej-per-takime-bandash-edhe-zeqineja-u-zgjodh-me-votat-e-krimit\/","title":{"rendered":"Berisha: Poja ishte i ftuari i Ram\u00ebs, Surreli p\u00ebrdorej p\u00ebr takime bandash! Edhe Zeqineja u zgjodh me votat e krimit!"},"content":{"rendered":"<p>Kryetari i PD, Sali Berisha gjat\u00eb nj\u00eb konference shtypi tha se, Surreli p\u00ebrdorej p\u00ebr takime bandash. Ai tha se, edhe Zeqineja u zgjodh me votat e krimit.<\/p>\n<p>\u201cJu e mor\u00ebt vesh q\u00eb Elvis Do\u00e7i apo Poja n\u00eb nj\u00eb hark kohor t\u00eb shkurt\u00ebr, leje p\u00ebr nd\u00ebrtimin e dy hoteleve, nj\u00eb n\u00eb Durr\u00ebs dhe tjetrin diku te Shk\u00ebmbi i Kavaj\u00ebs. Me dy sip\u00ebrmarrje t\u00eb vetat.<\/p>\n<p>Por Altin Do\u00e7i, Altin Poja nuk i sekuestron sip\u00ebrmarrjen e Rock of Kavaja.<\/p>\n<p>Pasi e mbrojti kundrejt shumave, etj, etj, nga shkurti q\u00eb erdhi urdhri i arrestit nga Italia, pasi e njoftuan ik se tani nuk kemi \u00e7\u2019b\u00ebjm\u00eb m\u00eb tutje, dhe ai jeton i qet\u00eb n\u00eb vil\u00ebn e Gjushit, aty thon\u00eb \u00ebsht\u00eb, por mund t\u00eb jet\u00eb edhe n\u00eb Surrel, nuk e ka problem fare se ai ka qen\u00eb nj\u00eb i ftuar frekuent i Ram\u00ebs n\u00eb gostira bashk\u00eb me Agasin dhe k\u00ebta t\u00eb tjer\u00ebt.<\/p>\n<p>Se thon\u00eb se edhe Surreli \u00ebsht\u00eb p\u00ebrdorur p\u00ebr takime bandash mes Olsit, Suel \u00c7el\u00ebs etj, po k\u00ebto jan\u00eb th\u00ebnie, duhen dokumentuar, po ua them si\u00e7 m\u2019i kan\u00eb transmetuar.<\/p>\n<p>Pra, a mund t\u00eb njihen t\u00eb kujt jan\u00eb 80 mij\u00eb vota t\u00eb 4 deputet\u00ebve?<\/p>\n<p>Kurr\u00eb k\u00ebto zgjedhje nuk mund t\u00eb njihen dhe nuk do njihen.<\/p>\n<p>K\u00ebto jan\u00eb zgjedhjet e krimit.<\/p>\n<p>K\u00ebto jan\u00eb farsa m\u00eb e sh\u00ebmtuar elektorale q\u00eb ka ndodhur ndonj\u00ebher\u00eb.<\/p>\n<p>E gjitha kjo kupol\u00eb q\u00eb drejtoi k\u00ebt\u00eb fars\u00eb, udh\u00ebhiqet direkt nga Edi Rama, i cili i ka dh\u00ebn\u00eb Poj\u00ebs me qira kundrejt nj\u00eb tarife, Portin e Durr\u00ebsit.<\/p>\n<p>Ka tre vjet q\u00eb aty nuk kapet nj\u00eb gram kokain\u00eb.<\/p>\n<p>Ndalohet kapja e kokain\u00ebs sepse \u00ebsht\u00eb mall p\u00ebr kryeministrin.<\/p>\n<p>Dhe nuk jan\u00eb vet\u00ebm k\u00ebto dy banda, por k\u00ebto jan\u00eb&#8230; se n\u00eb Fier, Zeqineja n\u00eb maj\u00eb t\u00eb than\u00ebs, Arben Qimja kishte detyr\u00eb t\u2019i siguronte vota.<\/p>\n<p>Me radh\u00eb e me radh\u00eb, do ia shohim edhe asaj rekordet.<\/p>\n<p>Dhe ky \u00ebsht\u00eb nj\u00ebri dimension i sh\u00ebmtuar i fars\u00ebs elektorale.<\/p>\n<p>Po si Arben Qimja, si Olsi Rama, si Ulsiu, si Blendi Xhabafti, si Sara Mile apo Suel \u00c7ela, jan\u00eb nj\u00eb seri t\u00eb tjer\u00ebsh. K\u00ebto ishin zgjedhjet\u201d, tha Berisha.<\/p>\n","protected":false},"excerpt":{"rendered":"<p>Kryetari i PD, Sali Berisha gjat\u00eb nj\u00eb konference shtypi tha se, Surreli p\u00ebrdorej p\u00ebr takime bandash. Ai tha se, edhe Zeqineja u zgjodh me votat e krimit. \u201cJu e mor\u00ebt vesh q\u00eb Elvis Do\u00e7i apo Poja n\u00eb nj\u00eb hark kohor t\u00eb shkurt\u00ebr, leje p\u00ebr nd\u00ebrtimin e dy hoteleve, nj\u00eb n\u00eb Durr\u00ebs dhe tjetrin diku te &hellip;<\/p>\n","protected":false},"author":4,"featured_media":114705,"comment_status":"closed","ping_status":"closed","sticky":false,"template":"","format":"standard","meta":{"footnotes":""},"categories":[37],"tags":[],"class_list":["post-114704","post","type-post","status-publish","format-standard","has-post-thumbnail","","category-politike"],"_links":{"self":[{"href":"https:\/\/rdnews.al\/index.php\/wp-json\/wp\/v2\/posts\/114704","targetHints":{"allow":["GET"]}}],"collection":[{"href":"https:\/\/rdnews.al\/index.php\/wp-json\/wp\/v2\/posts"}],"about":[{"href":"https:\/\/rdnews.al\/index.php\/wp-json\/wp\/v2\/types\/post"}],"author":[{"embeddable":true,"href":"https:\/\/rdnews.al\/index.php\/wp-json\/wp\/v2\/users\/4"}],"replies":[{"embeddable":true,"href":"https:\/\/rdnews.al\/index.php\/wp-json\/wp\/v2\/comments?post=114704"}],"version-history":[{"count":1,"href":"https:\/\/rdnews.al\/index.php\/wp-json\/wp\/v2\/posts\/114704\/revisions"}],"predecessor-version":[{"id":114706,"href":"https:\/\/rdnews.al\/index.php\/wp-json\/wp\/v2\/posts\/114704\/revisions\/114706"}],"wp:featuredmedia":[{"embeddable":true,"href":"https:\/\/rdnews.al\/index.php\/wp-json\/wp\/v2\/media\/114705"}],"wp:attachment":[{"href":"https:\/\/rdnews.al\/index.php\/wp-json\/wp\/v2\/media?parent=114704"}],"wp:term":[{"taxonomy":"category","embeddable":true,"href":"https:\/\/rdnews.al\/index.php\/wp-json\/wp\/v2\/categories?post=114704"},{"taxonomy":"post_tag","embeddable":true,"href":"https:\/\/rdnews.al\/index.php\/wp-json\/wp\/v2\/tags?post=114704"}],"curies":[{"name":"wp","href":"https:\/\/api.w.org\/{rel}","templated":true}]}}