{"id":114707,"date":"2025-05-23T11:01:00","date_gmt":"2025-05-23T11:01:00","guid":{"rendered":"https:\/\/rdnews.al\/?p=114707"},"modified":"2025-05-23T11:01:23","modified_gmt":"2025-05-23T11:01:23","slug":"a-mund-te-imagjinoni-ju-vezhguesve-nderkombetare-i-kerkon-llogari-pala-qe-ka-krijuar-farsen","status":"publish","type":"post","link":"https:\/\/rdnews.al\/index.php\/2025\/05\/23\/a-mund-te-imagjinoni-ju-vezhguesve-nderkombetare-i-kerkon-llogari-pala-qe-ka-krijuar-farsen\/","title":{"rendered":"A mund t\u00eb imagjinoni ju? V\u00ebzhguesve nd\u00ebrkomb\u00ebtar\u00eb i k\u00ebrkon llogari pala q\u00eb ka krijuar fars\u00ebn!"},"content":{"rendered":"<p>Kryetari i PD, Sali Berisha ka denoncuar nj\u00eb rast tejet t\u00eb r\u00ebnd\u00eb diplomatik, ku i p\u00ebrfshir\u00eb \u00ebsht\u00eb ministri i Jasht\u00ebm, Igli Hasani.<\/p>\n<p>N\u00eb nj\u00eb konferenc\u00eb p\u00ebr mediat, Berisha tha se ministri Igli Hasani po u b\u00ebn presion v\u00ebzhguesve nd\u00ebrkomb\u00ebtar\u00eb, nj\u00eb p\u00ebrpjekje q\u00eb sipas kryedemokratit, \u00ebsht\u00eb b\u00ebr\u00eb me q\u00ebllim, deformimin\u00a0e raportit t\u00eb v\u00ebzhguesve nd\u00ebrkomb\u00ebtare p\u00ebr zgjedhjet parlamentare t\u00eb 11 majit.<\/p>\n<p>Berisha tha se, v\u00ebzhguesve nd\u00ebrkomb\u00ebtare u k\u00ebrkohet llogari nga pala q\u00eb ka krijuar fars\u00ebn, nd\u00ebrsa parlajm\u00ebroi Edi Ram\u00ebn t\u00eb ndal\u00eb k\u00ebt\u00eb p\u00ebrpjekje dhe k\u00ebrc\u00ebnim.<\/p>\n<p>\u201cPor nj\u00eb gj\u00eb u them shqiptar\u00ebve, sado d\u00ebshp\u00ebruese q\u00eb \u00ebsht\u00eb kjo fars\u00eb, kjo dallon sepse kjo fars\u00eb \u00ebsht\u00eb e vetmja n\u00eb histori q\u00eb \u00ebsht\u00eb d\u00ebnuar p\u00ebrpara se t\u00eb zhvillohet.<\/p>\n<p>P\u00ebr t\u00eb gjith\u00eb ata t\u00eb cil\u00ebt i thon\u00eb t\u00eb v\u00ebrtet\u00ebs t\u00eb v\u00ebrtet\u00eb dhe lexojn\u00eb rezolut\u00ebn e Valencias, gjejn\u00eb se komuniteti nd\u00ebrkomb\u00ebtar i qendr\u00ebs s\u00eb djatht\u00eb n\u00eb Europ\u00eb e denoncoi k\u00ebt\u00eb fars\u00eb para se t\u00eb zhvillohej.<\/p>\n<p>Pra beteja kund\u00ebr k\u00ebsaj farse vazhdon me t\u00eb gjith\u00eb forc\u00ebn dhe p\u00ebrpjekjen.<\/p>\n<p>Por n\u00eb k\u00ebt\u00eb rast kemi t\u00eb b\u00ebjm\u00eb me nj\u00eb fushat\u00eb tashm\u00eb t\u00eb d\u00ebnuar para se t\u00eb mbyllet.<\/p>\n<p>E merrni vesh ju pse hidhej Zeqineja nga dega n\u00eb deg\u00eb?<\/p>\n<p>Del se kishin porosi q\u00eb Zeqineja duhej t\u00eb futej n\u00eb parlament. Ishte Sara Mile e Fierit.<\/p>\n<p>Pra, un\u00eb k\u00ebtu para jush dua t\u2019u them shqiptar\u00ebve se kjo fars\u00eb \u00ebsht\u00eb nj\u00eb fatkeq\u00ebsi e madhe komb\u00ebtare.<\/p>\n<p>Por kjo fars\u00eb ka vet\u00ebm nj\u00eb rrug\u00ebdalje, q\u00ebndres\u00ebn e tyre.<\/p>\n<p>Sepse kjo fars\u00eb \u00ebsht\u00eb e d\u00ebnuar nd\u00ebrkomb\u00ebtarisht para se t\u00eb zhvillohej.<\/p>\n<p>Dhe se p\u00ebr \u00e7do akt q\u00ebndrese, shqiptar\u00ebt kan\u00eb mb\u00ebshtetjen e fuqishme t\u00eb t\u00eb gjitha forcave politike t\u00eb qendr\u00ebs s\u00eb djatht\u00eb q\u00eb d\u00ebnuan k\u00ebt\u00eb fars\u00eb para se t\u00eb mbyllej.<\/p>\n<p>Ndaj dhe erdha edhe nj\u00ebher\u00eb k\u00ebtu t\u00eb theksoj dimensionin monstruoz t\u00eb krimit n\u00eb k\u00ebto zgjedhje,me fakte, me dokumente.<\/p>\n<p>K\u00ebta jan\u00eb deputet\u00eb t\u00eb krimit q\u00eb mor\u00ebn s\u00eb bashku, vet\u00ebm k\u00ebta t\u00eb kat\u00ebr q\u00eb citova, 80 mij\u00eb vota.<\/p>\n<p>Pa llogaritur t\u00eb tjer\u00eb si Zeqineja. Ndaj dhe k\u00ebto zgjedhje nuk mund t\u00eb njihen.<\/p>\n<p>Rruga e vetme \u00ebsht\u00eb qeveri teknike dhe zgjedhje t\u00eb lira.<\/p>\n<p>Ne q\u00ebndrojm\u00eb p\u00ebr krijimin e nj\u00eb qeverie teknike sepse me Edi Ram\u00ebn ka vet\u00ebm fars\u00eb, nuk ka zgjedhje.<\/p>\n<p>Dhe d\u00ebnojm\u00eb me forc\u00ebn m\u00eb t\u00eb madhe presionet e narkozyrtar\u00ebve shqiptar\u00eb ndaj v\u00ebzhguesve nd\u00ebrkomb\u00ebtar\u00eb.<\/p>\n<p>Igli Hasani, paturp\u00ebsisht th\u00ebrret n\u00eb zyr\u00eb v\u00ebzhguesit dhe u k\u00ebrkon llogari p\u00ebr raportin.<\/p>\n<p>A mund t\u00eb imagjinoni ju? V\u00ebzhguesve nd\u00ebrkomb\u00ebtare t\u2019u k\u00ebrkoj\u00eb llogari pala q\u00eb ka krijuar fars\u00ebn.<\/p>\n<p>E d\u00ebnoj me forc\u00ebn m\u00eb t\u00eb madhe aktin e tij dhe jo m\u00eb pak t\u00eb Edi Ram\u00ebs dhe k\u00ebrc\u00ebnimet e tij\u201d, tha Berisha.<\/p>\n","protected":false},"excerpt":{"rendered":"<p>Kryetari i PD, Sali Berisha ka denoncuar nj\u00eb rast tejet t\u00eb r\u00ebnd\u00eb diplomatik, ku i p\u00ebrfshir\u00eb \u00ebsht\u00eb ministri i Jasht\u00ebm, Igli Hasani. N\u00eb nj\u00eb konferenc\u00eb p\u00ebr mediat, Berisha tha se ministri Igli Hasani po u b\u00ebn presion v\u00ebzhguesve nd\u00ebrkomb\u00ebtar\u00eb, nj\u00eb p\u00ebrpjekje q\u00eb sipas kryedemokratit, \u00ebsht\u00eb b\u00ebr\u00eb me q\u00ebllim, deformimin\u00a0e raportit t\u00eb v\u00ebzhguesve nd\u00ebrkomb\u00ebtare p\u00ebr zgjedhjet &hellip;<\/p>\n","protected":false},"author":4,"featured_media":114708,"comment_status":"closed","ping_status":"closed","sticky":false,"template":"","format":"standard","meta":{"footnotes":""},"categories":[37],"tags":[],"class_list":["post-114707","post","type-post","status-publish","format-standard","has-post-thumbnail","","category-politike"],"_links":{"self":[{"href":"https:\/\/rdnews.al\/index.php\/wp-json\/wp\/v2\/posts\/114707","targetHints":{"allow":["GET"]}}],"collection":[{"href":"https:\/\/rdnews.al\/index.php\/wp-json\/wp\/v2\/posts"}],"about":[{"href":"https:\/\/rdnews.al\/index.php\/wp-json\/wp\/v2\/types\/post"}],"author":[{"embeddable":true,"href":"https:\/\/rdnews.al\/index.php\/wp-json\/wp\/v2\/users\/4"}],"replies":[{"embeddable":true,"href":"https:\/\/rdnews.al\/index.php\/wp-json\/wp\/v2\/comments?post=114707"}],"version-history":[{"count":2,"href":"https:\/\/rdnews.al\/index.php\/wp-json\/wp\/v2\/posts\/114707\/revisions"}],"predecessor-version":[{"id":114710,"href":"https:\/\/rdnews.al\/index.php\/wp-json\/wp\/v2\/posts\/114707\/revisions\/114710"}],"wp:featuredmedia":[{"embeddable":true,"href":"https:\/\/rdnews.al\/index.php\/wp-json\/wp\/v2\/media\/114708"}],"wp:attachment":[{"href":"https:\/\/rdnews.al\/index.php\/wp-json\/wp\/v2\/media?parent=114707"}],"wp:term":[{"taxonomy":"category","embeddable":true,"href":"https:\/\/rdnews.al\/index.php\/wp-json\/wp\/v2\/categories?post=114707"},{"taxonomy":"post_tag","embeddable":true,"href":"https:\/\/rdnews.al\/index.php\/wp-json\/wp\/v2\/tags?post=114707"}],"curies":[{"name":"wp","href":"https:\/\/api.w.org\/{rel}","templated":true}]}}