{"id":114711,"date":"2025-05-23T11:04:14","date_gmt":"2025-05-23T11:04:14","guid":{"rendered":"https:\/\/rdnews.al\/?p=114711"},"modified":"2025-05-23T11:04:14","modified_gmt":"2025-05-23T11:04:14","slug":"berisha-forumet-do-vendosin-per-gjithcka-por-kjo-eshte-nje-farse-e-damkosur-nderkombetarisht","status":"publish","type":"post","link":"https:\/\/rdnews.al\/index.php\/2025\/05\/23\/berisha-forumet-do-vendosin-per-gjithcka-por-kjo-eshte-nje-farse-e-damkosur-nderkombetarisht\/","title":{"rendered":"Berisha: Forumet do vendosin p\u00ebr gjith\u00e7ka, por kjo \u00ebsht\u00eb nj\u00eb fars\u00eb e damkosur nd\u00ebrkomb\u00ebtarisht"},"content":{"rendered":"<p>Lideri i opozit\u00ebs, Sali Berisha, gjat\u00eb nj\u00eb konference me gazetar\u00ebt u shpreh se proceset vendimmarr\u00ebse brenda forc\u00ebs politike q\u00eb ai drejton do t\u00eb jen\u00eb n\u00eb dor\u00ebn e forumeve p\u00ebrkat\u00ebse, duke theksuar se \u00e7do vendim do t\u00eb merret p\u00ebrmes diskutimeve t\u00eb brendshme.<\/p>\n<p>Megjithat\u00eb, ai e cil\u00ebsoi si nj\u00eb \u201cfars\u00eb t\u00eb damkosur nd\u00ebrkomb\u00ebtarisht\u201d procesin elektoral n\u00eb fjal\u00eb, duke iu referuar q\u00ebndrimeve dhe vler\u00ebsimeve t\u00eb v\u00ebzhguesve nd\u00ebrkomb\u00ebtar\u00eb.<\/p>\n<p>\u201cT\u00eb gjitha do vendosen nga forumet. Por un\u00eb, n\u00eb presupozimin e pjes\u00ebmarrjes n\u00eb parlament, deklarova q\u00eb ne do votojm\u00eb vet\u00ebm ato ligje q\u00eb kan\u00eb t\u00eb b\u00ebjn\u00eb me integrimin e Shqip\u00ebris\u00eb n\u00eb BE. Ky ka qen\u00eb.<\/p>\n<p>Un\u00eb nuk thash\u00eb a do marrim apo nuk do marrim.<\/p>\n<p>Un\u00eb thash\u00eb se n\u00eb qoft\u00eb se do marrim, por un\u00eb thash\u00eb se n\u00eb rast se marrim, ne do votojm\u00eb vet\u00ebm k\u00ebto.<\/p>\n<p>Se at\u00eb nuk e vendos un\u00eb, at\u00eb e vendosin forumet.<\/p>\n<p>Do ket\u00eb diskutime. Por k\u00ebto jan\u00eb fars\u00eb elektorale, e damkosur nd\u00ebrkomb\u00ebtarisht si e till\u00eb para se t\u00eb zhvillohet.<\/p>\n<p>E faktuar totalisht nga v\u00ebzhguesit nd\u00ebrkomb\u00ebtar\u00eb n\u00eb raportin e tyre paraprak.<\/p>\n<p>Pra, ky \u00ebsht\u00eb realiteti sot\u201d, tha Berisha.<\/p>\n","protected":false},"excerpt":{"rendered":"<p>Lideri i opozit\u00ebs, Sali Berisha, gjat\u00eb nj\u00eb konference me gazetar\u00ebt u shpreh se proceset vendimmarr\u00ebse brenda forc\u00ebs politike q\u00eb ai drejton do t\u00eb jen\u00eb n\u00eb dor\u00ebn e forumeve p\u00ebrkat\u00ebse, duke theksuar se \u00e7do vendim do t\u00eb merret p\u00ebrmes diskutimeve t\u00eb brendshme. Megjithat\u00eb, ai e cil\u00ebsoi si nj\u00eb \u201cfars\u00eb t\u00eb damkosur nd\u00ebrkomb\u00ebtarisht\u201d procesin elektoral n\u00eb fjal\u00eb, &hellip;<\/p>\n","protected":false},"author":4,"featured_media":114695,"comment_status":"closed","ping_status":"closed","sticky":false,"template":"","format":"standard","meta":{"footnotes":""},"categories":[37],"tags":[],"class_list":["post-114711","post","type-post","status-publish","format-standard","has-post-thumbnail","","category-politike"],"_links":{"self":[{"href":"https:\/\/rdnews.al\/index.php\/wp-json\/wp\/v2\/posts\/114711","targetHints":{"allow":["GET"]}}],"collection":[{"href":"https:\/\/rdnews.al\/index.php\/wp-json\/wp\/v2\/posts"}],"about":[{"href":"https:\/\/rdnews.al\/index.php\/wp-json\/wp\/v2\/types\/post"}],"author":[{"embeddable":true,"href":"https:\/\/rdnews.al\/index.php\/wp-json\/wp\/v2\/users\/4"}],"replies":[{"embeddable":true,"href":"https:\/\/rdnews.al\/index.php\/wp-json\/wp\/v2\/comments?post=114711"}],"version-history":[{"count":1,"href":"https:\/\/rdnews.al\/index.php\/wp-json\/wp\/v2\/posts\/114711\/revisions"}],"predecessor-version":[{"id":114712,"href":"https:\/\/rdnews.al\/index.php\/wp-json\/wp\/v2\/posts\/114711\/revisions\/114712"}],"wp:featuredmedia":[{"embeddable":true,"href":"https:\/\/rdnews.al\/index.php\/wp-json\/wp\/v2\/media\/114695"}],"wp:attachment":[{"href":"https:\/\/rdnews.al\/index.php\/wp-json\/wp\/v2\/media?parent=114711"}],"wp:term":[{"taxonomy":"category","embeddable":true,"href":"https:\/\/rdnews.al\/index.php\/wp-json\/wp\/v2\/categories?post=114711"},{"taxonomy":"post_tag","embeddable":true,"href":"https:\/\/rdnews.al\/index.php\/wp-json\/wp\/v2\/tags?post=114711"}],"curies":[{"name":"wp","href":"https:\/\/api.w.org\/{rel}","templated":true}]}}