{"id":114713,"date":"2025-05-23T11:10:02","date_gmt":"2025-05-23T11:10:02","guid":{"rendered":"https:\/\/rdnews.al\/?p=114713"},"modified":"2025-05-23T11:10:02","modified_gmt":"2025-05-23T11:10:02","slug":"berisha-kerkojme-qeveri-teknike-me-nje-axhende-te-percaktuar-te-miratoje-ligjet-qe-lidhen-me-integrimin-e-zgjedhje-te-lira","status":"publish","type":"post","link":"https:\/\/rdnews.al\/index.php\/2025\/05\/23\/berisha-kerkojme-qeveri-teknike-me-nje-axhende-te-percaktuar-te-miratoje-ligjet-qe-lidhen-me-integrimin-e-zgjedhje-te-lira\/","title":{"rendered":"Berisha: K\u00ebrkojm\u00eb qeveri teknike me nj\u00eb axhend\u00eb t\u00eb p\u00ebrcaktuar! T\u00eb miratoj\u00eb ligjet q\u00eb lidhen me integrimin e zgjedhje t\u00eb lira"},"content":{"rendered":"<p>Lideri i opozit\u00ebs, Sali Berisha, gjat\u00eb deklarat\u00ebs s\u00eb tij p\u00ebr mediat, theksoi qart\u00eb k\u00ebrkes\u00ebn e opozit\u00ebs p\u00ebr nj\u00eb qeveri teknike me nj\u00eb axhend\u00eb t\u00eb qart\u00eb dhe t\u00eb kufizuar.<\/p>\n<p>Sipas tij, nj\u00eb qeveri e till\u00eb duhet t\u00eb fokusohet vet\u00ebm n\u00eb zgjidhjen e \u00e7\u00ebshtjeve q\u00eb lidhen drejtp\u00ebrdrejt me integrimin europian t\u00eb Shqip\u00ebris\u00eb dhe garantimin e zgjedhjeve t\u00eb lira dhe t\u00eb ndershme.<\/p>\n<p>\u201cNormalisht vet\u00ebm zgjedhje t\u00eb parakohshme.<\/p>\n<p>Pa diskutim!<br \/>\nQeveri teknike, me nj\u00eb axhend\u00eb t\u00eb p\u00ebrcaktuar, T\u00eb miratoj\u00eb ligjet q\u00eb lidhen direkt me integrimin dhe zgjedhje t\u00eb\u00a0lira dhe t\u00eb ndershme.<\/p>\n<p>Kjo \u00ebsht\u00eb k\u00ebrkesa jon\u00eb, p\u00ebr t\u00eb cil\u00ebn do luftojm\u00eb me t\u00eb gjith\u00eb mb\u00ebshtet\u00ebsit tan\u00eb dhe miqt\u00eb tan\u00eb n\u00eb Europ\u00eb dhe n\u00eb bot\u00eb\u201d, tha Berisha.<\/p>\n","protected":false},"excerpt":{"rendered":"<p>Lideri i opozit\u00ebs, Sali Berisha, gjat\u00eb deklarat\u00ebs s\u00eb tij p\u00ebr mediat, theksoi qart\u00eb k\u00ebrkes\u00ebn e opozit\u00ebs p\u00ebr nj\u00eb qeveri teknike me nj\u00eb axhend\u00eb t\u00eb qart\u00eb dhe t\u00eb kufizuar. Sipas tij, nj\u00eb qeveri e till\u00eb duhet t\u00eb fokusohet vet\u00ebm n\u00eb zgjidhjen e \u00e7\u00ebshtjeve q\u00eb lidhen drejtp\u00ebrdrejt me integrimin europian t\u00eb Shqip\u00ebris\u00eb dhe garantimin e zgjedhjeve t\u00eb &hellip;<\/p>\n","protected":false},"author":4,"featured_media":114714,"comment_status":"closed","ping_status":"closed","sticky":false,"template":"","format":"standard","meta":{"footnotes":""},"categories":[37],"tags":[],"class_list":["post-114713","post","type-post","status-publish","format-standard","has-post-thumbnail","","category-politike"],"_links":{"self":[{"href":"https:\/\/rdnews.al\/index.php\/wp-json\/wp\/v2\/posts\/114713","targetHints":{"allow":["GET"]}}],"collection":[{"href":"https:\/\/rdnews.al\/index.php\/wp-json\/wp\/v2\/posts"}],"about":[{"href":"https:\/\/rdnews.al\/index.php\/wp-json\/wp\/v2\/types\/post"}],"author":[{"embeddable":true,"href":"https:\/\/rdnews.al\/index.php\/wp-json\/wp\/v2\/users\/4"}],"replies":[{"embeddable":true,"href":"https:\/\/rdnews.al\/index.php\/wp-json\/wp\/v2\/comments?post=114713"}],"version-history":[{"count":1,"href":"https:\/\/rdnews.al\/index.php\/wp-json\/wp\/v2\/posts\/114713\/revisions"}],"predecessor-version":[{"id":114715,"href":"https:\/\/rdnews.al\/index.php\/wp-json\/wp\/v2\/posts\/114713\/revisions\/114715"}],"wp:featuredmedia":[{"embeddable":true,"href":"https:\/\/rdnews.al\/index.php\/wp-json\/wp\/v2\/media\/114714"}],"wp:attachment":[{"href":"https:\/\/rdnews.al\/index.php\/wp-json\/wp\/v2\/media?parent=114713"}],"wp:term":[{"taxonomy":"category","embeddable":true,"href":"https:\/\/rdnews.al\/index.php\/wp-json\/wp\/v2\/categories?post=114713"},{"taxonomy":"post_tag","embeddable":true,"href":"https:\/\/rdnews.al\/index.php\/wp-json\/wp\/v2\/tags?post=114713"}],"curies":[{"name":"wp","href":"https:\/\/api.w.org\/{rel}","templated":true}]}}