{"id":114716,"date":"2025-05-23T11:13:13","date_gmt":"2025-05-23T11:13:13","guid":{"rendered":"https:\/\/rdnews.al\/?p=114716"},"modified":"2025-05-23T11:14:57","modified_gmt":"2025-05-23T11:14:57","slug":"berisha-partite-e-voggla-refuzuan-koalicionin-me-ne-dhe-i-hoqen-te-pakten-8-deputete-opozites-ndersa-moren-mandate-sa-tom-doshi","status":"publish","type":"post","link":"https:\/\/rdnews.al\/index.php\/2025\/05\/23\/berisha-partite-e-voggla-refuzuan-koalicionin-me-ne-dhe-i-hoqen-te-pakten-8-deputete-opozites-ndersa-moren-mandate-sa-tom-doshi\/","title":{"rendered":"Partit\u00eb e vogla refuzuan koalicionin me ne dhe i hoq\u00ebn t\u00eb pakt\u00ebn 8 deputet\u00eb opozit\u00ebs, nd\u00ebrsa mor\u00ebn mandate sa Tom Doshi"},"content":{"rendered":"<p>Lideri i opozit\u00ebs Sali Berisha ka reaguar ashp\u00ebr ndaj procesit zgjedhor t\u00eb fundit, t\u00eb cilin e cil\u00ebsoi si nj\u00eb fars\u00eb t\u00eb organizuar dhe t\u00eb mb\u00ebshtetur nga strukturat shtet\u00ebrore n\u00ebn kontrollin e qeveris\u00eb.<br \/>\nBerisha u ndal ve\u00e7an\u00ebrisht te roli i partive t\u00eb vogla, t\u00eb cilat sipas tij refuzuan koalicionin me opozit\u00ebn dhe, n\u00eb vend q\u00eb t\u00eb forconin frontin kund\u00ebr mazhoranc\u00ebs, kontribuuan n\u00eb dob\u00ebsimin e saj duke i &#8220;hequr&#8221; t\u00eb pakt\u00ebn tet\u00eb mandate.<br \/>\nAi p\u00ebrmendi p\u00ebrdorimin e fondeve publike, kontrollin e mediave dhe p\u00ebrfshirjen e grupeve kriminale si faktor\u00eb kryesor\u00eb q\u00eb, sipas tij, kan\u00eb deformuar vullnetin e qytetar\u00ebve.<br \/>\n\u201cKur thua zgjedhjet fars\u00eb, ti nuk ke th\u00ebn\u00eb se \u00e7do vot\u00eb \u00ebsht\u00eb fars\u00eb.<br \/>\nKur thua zgjedhjet fars\u00eb, thua se ky regjim ka p\u00ebrdorur ose ka zbatuar fars\u00ebn elektorale n\u00eb vend t\u00eb zgjedhjeve demokratike.<br \/>\nDhe q\u00eb ky regjim ka aplikuar fars\u00ebn elektorale, nuk \u00ebsht\u00eb se e them un\u00eb k\u00ebt\u00eb gj\u00eb, por kjo \u00ebsht\u00eb e dokumentuar, e ceritifkuar dhe e denoncuar nga 82 parti politike t\u00eb Europ\u00ebs, t\u00eb qendr\u00ebs s\u00eb djatht\u00eb.<br \/>\nN\u00eb qoft\u00eb se regjimi, shtetin e shnd\u00ebrron n\u00eb shtet elektoral, n\u00eb kuptimin q\u00eb p\u00ebrdor t\u00eb gjitha burimet financiare t\u00eb shtetit p\u00ebr t\u00eb marr\u00eb zgjdhjet, si\u00e7 ndodhi me 76 milion\u00eb, 100 euro p\u00ebr \u00e7do pensionist.<br \/>\nSi\u00e7 ndodhi me 200 milion\u00eb t\u00eb faljes s\u00eb gjobave.<br \/>\nSi\u00e7 ndodhi me miliona t\u00eb t\u00ebra q\u00eb po i llogarisin p\u00ebr t\u00ebrmetet, se vazhdon historia e t\u00ebrmeteve.<br \/>\nSi\u00e7 ndodhi me 500 milion\u00eb euro prokurime.<br \/>\nSi\u00e7 ndodhi me dhjet\u00ebra miliona euro t\u00eb tjera asfaltime dhe zhavarr.<br \/>\nSi\u00e7 ndodhi me shpalosjen e sistemit t\u00eb patronazhist\u00ebve t\u00eb p\u00ebrb\u00ebr\u00eb nga zyrtar\u00eb, polic\u00eb, oficer\u00eb, gjykat\u00ebs, prokuror\u00eb n\u00eb mbar\u00eb vendin, at\u00ebher\u00eb gara \u00ebsht\u00eb vet\u00ebm fars\u00eb.<br \/>\nPor nuk jan\u00eb vet\u00ebm k\u00ebto.<br \/>\nJan\u00eb bandat, jan\u00eb vras\u00ebsit serial\u00eb, dimension tjet\u00ebr i pamohuesh\u00ebm i k\u00ebsaj farse.<br \/>\nPra, tani n\u00eb modelin e fars\u00ebs ka nj\u00eb gj\u00eb, modeli i fars\u00ebs \u00ebsht\u00eb ky, n\u00eb k\u00ebt\u00eb model fiton gjithnj\u00eb diktatura, nuk fiton kurr\u00eb opozita.<br \/>\nDhe ai q\u00eb mendon se mund t\u00eb fitoj\u00eb fars\u00ebn, ai beson g\u00ebnjeshtr\u00ebn e tij se ka nj\u00eb histori bot\u00ebrore farsa.<br \/>\nPa th\u00ebn\u00eb pastaj kontrollin e tmerrsh\u00ebm mediatik.<br \/>\nJu e keni par\u00eb, jan\u00eb faqe t\u00eb t\u00ebra q\u00eb i kushtohen kontrollit qeveritar t\u00eb medias, censur\u00ebs.<br \/>\nDhe gj\u00ebja m\u00eb e r\u00ebnd\u00eb e njeriut \u00ebsht\u00eb autocensura, se mir\u00eb censur\u00ebn ta imponon dikush, po autocensur\u00ebn q\u00eb ti nga frika ia imponon vetes t\u00ebnde, ai \u00ebsht\u00eb faktori m\u00eb shkat\u00ebrrimtar i dinjitetit dhe i psikologjis\u00eb s\u00eb njeriut.<br \/>\nDhe \u00ebsht\u00eb konstatuar q\u00eb gazetar\u00ebt b\u00ebjn\u00eb autocensur\u00eb. \u00cbsht\u00eb e shkruar kjo.<br \/>\nDhe un\u00eb kam respektin m\u00eb t\u00eb madh p\u00ebr gazetar\u00ebt dhe ua kam th\u00ebn\u00eb se ju keni b\u00ebr\u00eb nj\u00eb pun\u00eb t\u00eb shk\u00eblqyer, por raporti thot\u00eb at\u00eb q\u00eb kemi th\u00ebn\u00eb, por k\u00ebta e kan\u00eb v\u00ebrtetuar.<br \/>\nLinjat editoriale vijn\u00eb nga Fuga, nga Edi Rama.<br \/>\nA ka gj\u00eb m\u00eb t\u00eb r\u00ebnd\u00eb se t\u00eb diktoj\u00eb qeveria linjat editoriale? Nj\u00ebsoj si me Partin\u00eb e Pun\u00ebs.<br \/>\nEdi Rama ka kthyer modelin e et\u00ebrve t\u00eb tij.<br \/>\nCensur\u00eb, manipulime, deformime. T\u00eb gjitha k\u00ebto jan\u00eb t\u00eb v\u00ebrteta.<br \/>\nSigurisht vota mund t\u00eb shkoj\u00eb k\u00ebtu e atje, por nj\u00eb gj\u00eb dua t\u00eb t\u00eb them, opozita iu ofroi k\u00ebtyre forcave q\u00eb b\u00ebnin opozit\u00ebn e opozit\u00ebs, koalicionin. Ato sigurisht refuzuan.<br \/>\nTani k\u00ebto forca, p\u00ebrve\u00e7 Arlind Qorrit, mor\u00ebn deputet\u00eb sa Tom Doshi. Tre deputet\u00eb Tom Doshi, tre deputet\u00eb.<br \/>\nKjo sh\u00ebrbeu p\u00ebr t\u2019i hequr opozit\u00ebs t\u00eb pakt\u00ebn 8 deputet\u00eb.<br \/>\nK\u00ebta sh\u00ebrbyen p\u00ebr ta privuar opozit\u00ebn nga 8 deputet\u00eb.<br \/>\nPo a \u00ebsht\u00eb ky fundi?<br \/>\nJo, sepse opozita fars\u00ebn nuk e fiton.<br \/>\nAt\u00ebher\u00eb \u00e7far\u00eb duhet t\u00eb b\u00ebjm\u00eb? Jan\u00eb 520 mij\u00eb shqiptar\u00eb q\u00eb votuan kund\u00ebr Edi Ram\u00ebs.<br \/>\nUn\u00eb u ftoj t\u00eb gjith\u00eb ju, u ftoj t\u00eb gjith\u00eb gazetar\u00ebve, duhet t\u00eb jemi t\u00eb v\u00ebrtet\u00eb me njer\u00ebzit.<br \/>\nFarsa \u00ebsht\u00eb fars\u00eb dhe kjo fars\u00eb \u00ebsht\u00eb nd\u00ebrkomb\u00ebtarisht e d\u00ebnuar n\u00eb rezolut\u00ebn e Valencias.<br \/>\nPor e v\u00ebrteta \u00ebsht\u00eb, \u00ebsht\u00eb b\u00ebr\u00eb shosh\u00eb edhe nga raporti i v\u00ebzhguesve t\u00eb komunitetit nd\u00ebrkomb\u00ebtar\u201d, u shpreh Berisha.<\/p>\n","protected":false},"excerpt":{"rendered":"<p>Lideri i opozit\u00ebs Sali Berisha ka reaguar ashp\u00ebr ndaj procesit zgjedhor t\u00eb fundit, t\u00eb cilin e cil\u00ebsoi si nj\u00eb fars\u00eb t\u00eb organizuar dhe t\u00eb mb\u00ebshtetur nga strukturat shtet\u00ebrore n\u00ebn kontrollin e qeveris\u00eb. Berisha u ndal ve\u00e7an\u00ebrisht te roli i partive t\u00eb vogla, t\u00eb cilat sipas tij refuzuan koalicionin me opozit\u00ebn dhe, n\u00eb vend q\u00eb t\u00eb &hellip;<\/p>\n","protected":false},"author":4,"featured_media":114719,"comment_status":"closed","ping_status":"closed","sticky":false,"template":"","format":"standard","meta":{"footnotes":""},"categories":[37],"tags":[],"class_list":["post-114716","post","type-post","status-publish","format-standard","has-post-thumbnail","","category-politike"],"_links":{"self":[{"href":"https:\/\/rdnews.al\/index.php\/wp-json\/wp\/v2\/posts\/114716","targetHints":{"allow":["GET"]}}],"collection":[{"href":"https:\/\/rdnews.al\/index.php\/wp-json\/wp\/v2\/posts"}],"about":[{"href":"https:\/\/rdnews.al\/index.php\/wp-json\/wp\/v2\/types\/post"}],"author":[{"embeddable":true,"href":"https:\/\/rdnews.al\/index.php\/wp-json\/wp\/v2\/users\/4"}],"replies":[{"embeddable":true,"href":"https:\/\/rdnews.al\/index.php\/wp-json\/wp\/v2\/comments?post=114716"}],"version-history":[{"count":4,"href":"https:\/\/rdnews.al\/index.php\/wp-json\/wp\/v2\/posts\/114716\/revisions"}],"predecessor-version":[{"id":114722,"href":"https:\/\/rdnews.al\/index.php\/wp-json\/wp\/v2\/posts\/114716\/revisions\/114722"}],"wp:featuredmedia":[{"embeddable":true,"href":"https:\/\/rdnews.al\/index.php\/wp-json\/wp\/v2\/media\/114719"}],"wp:attachment":[{"href":"https:\/\/rdnews.al\/index.php\/wp-json\/wp\/v2\/media?parent=114716"}],"wp:term":[{"taxonomy":"category","embeddable":true,"href":"https:\/\/rdnews.al\/index.php\/wp-json\/wp\/v2\/categories?post=114716"},{"taxonomy":"post_tag","embeddable":true,"href":"https:\/\/rdnews.al\/index.php\/wp-json\/wp\/v2\/tags?post=114716"}],"curies":[{"name":"wp","href":"https:\/\/api.w.org\/{rel}","templated":true}]}}