{"id":114725,"date":"2025-05-23T11:21:55","date_gmt":"2025-05-23T11:21:55","guid":{"rendered":"https:\/\/rdnews.al\/?p=114725"},"modified":"2025-05-23T11:22:11","modified_gmt":"2025-05-23T11:22:11","slug":"berisha-te-gjithe-qarqet-po-bejne-bilancet-e-manipulimeve-dhe-do-i-paraqesim-publikisht","status":"publish","type":"post","link":"https:\/\/rdnews.al\/index.php\/2025\/05\/23\/berisha-te-gjithe-qarqet-po-bejne-bilancet-e-manipulimeve-dhe-do-i-paraqesim-publikisht\/","title":{"rendered":"Berisha: T\u00eb gjith\u00eb qarqet po b\u00ebjn\u00eb bilancet e manipulimeve dhe do t&#8217;i paraqesim publikisht"},"content":{"rendered":"<p>N\u00eb vijim t\u00eb reagimeve t\u00eb ashpra pas p\u00ebrfundimit t\u00eb procesit zgjedhor, kreu i opozit\u00ebs, Sali Berisha deklaroi se t\u00eb gjitha strukturat dhe qarqet e Partis\u00eb Demokratike jan\u00eb duke hartuar bilancet p\u00ebr at\u00eb q\u00eb ai e cil\u00ebsoi si \u201cmanipulim elektoral masiv\u201d.<\/p>\n<p>Sipas Berish\u00ebs, pas k\u00ebsaj \u201cfarse elektorale\u201d, deputet\u00ebt e opozit\u00ebs jan\u00eb m\u00eb t\u00eb vendosur se kurr\u00eb p\u00ebr t\u00eb q\u00ebndruar n\u00eb krah t\u00eb qytetar\u00ebve dhe p\u00ebr t\u00eb denoncuar \u00e7do parregullsi.<\/p>\n<p>\u201cNuk kam asnj\u00eb lloj frike se deputet\u00ebt e opozit\u00ebs nuk do i q\u00ebndrojn\u00eb opozitarizmit. Pas k\u00ebsaj farse elektorale ata do jen\u00eb dy her\u00eb m\u00eb t\u00eb motivuar p\u00ebr t\u00eb denoncuar para shqiptar\u00ebve dhe bot\u00ebs t\u00eb gjith\u00eb fars\u00ebn e sh\u00ebmtuar elektorale q\u00eb ndodhi&#8230;<\/p>\n<p>Ky \u00ebsht\u00eb nj\u00eb moment, sepse t\u00eb gjitha qarqet po b\u00ebjn\u00eb bilancin e tyre dhe ata do i denoncojn\u00eb t\u00eb gjitha.<\/p>\n<p>E v\u00ebrteta do vij\u00eb n\u00eb drit\u00ebn e diellit n\u00eb k\u00ebt\u00eb sall\u00eb me t\u00eb gjith\u00eb dokumentacionet, n\u00eb t\u00eb gjitha qarqet.<\/p>\n<p>Por nd\u00ebrkoh\u00eb q\u00eb ata po punojn\u00eb, po mbledhin materiale, po ndjekin num\u00ebrimet, tani ata po p\u00ebrgatisin raportet p\u00ebr qarqet dhe ato do paraqiten publikisht\u201d, tha Berisha.<\/p>\n","protected":false},"excerpt":{"rendered":"<p>N\u00eb vijim t\u00eb reagimeve t\u00eb ashpra pas p\u00ebrfundimit t\u00eb procesit zgjedhor, kreu i opozit\u00ebs, Sali Berisha deklaroi se t\u00eb gjitha strukturat dhe qarqet e Partis\u00eb Demokratike jan\u00eb duke hartuar bilancet p\u00ebr at\u00eb q\u00eb ai e cil\u00ebsoi si \u201cmanipulim elektoral masiv\u201d. Sipas Berish\u00ebs, pas k\u00ebsaj \u201cfarse elektorale\u201d, deputet\u00ebt e opozit\u00ebs jan\u00eb m\u00eb t\u00eb vendosur se kurr\u00eb &hellip;<\/p>\n","protected":false},"author":4,"featured_media":114705,"comment_status":"closed","ping_status":"closed","sticky":false,"template":"","format":"standard","meta":{"footnotes":""},"categories":[37],"tags":[],"class_list":["post-114725","post","type-post","status-publish","format-standard","has-post-thumbnail","","category-politike"],"_links":{"self":[{"href":"https:\/\/rdnews.al\/index.php\/wp-json\/wp\/v2\/posts\/114725","targetHints":{"allow":["GET"]}}],"collection":[{"href":"https:\/\/rdnews.al\/index.php\/wp-json\/wp\/v2\/posts"}],"about":[{"href":"https:\/\/rdnews.al\/index.php\/wp-json\/wp\/v2\/types\/post"}],"author":[{"embeddable":true,"href":"https:\/\/rdnews.al\/index.php\/wp-json\/wp\/v2\/users\/4"}],"replies":[{"embeddable":true,"href":"https:\/\/rdnews.al\/index.php\/wp-json\/wp\/v2\/comments?post=114725"}],"version-history":[{"count":2,"href":"https:\/\/rdnews.al\/index.php\/wp-json\/wp\/v2\/posts\/114725\/revisions"}],"predecessor-version":[{"id":114727,"href":"https:\/\/rdnews.al\/index.php\/wp-json\/wp\/v2\/posts\/114725\/revisions\/114727"}],"wp:featuredmedia":[{"embeddable":true,"href":"https:\/\/rdnews.al\/index.php\/wp-json\/wp\/v2\/media\/114705"}],"wp:attachment":[{"href":"https:\/\/rdnews.al\/index.php\/wp-json\/wp\/v2\/media?parent=114725"}],"wp:term":[{"taxonomy":"category","embeddable":true,"href":"https:\/\/rdnews.al\/index.php\/wp-json\/wp\/v2\/categories?post=114725"},{"taxonomy":"post_tag","embeddable":true,"href":"https:\/\/rdnews.al\/index.php\/wp-json\/wp\/v2\/tags?post=114725"}],"curies":[{"name":"wp","href":"https:\/\/api.w.org\/{rel}","templated":true}]}}