{"id":114728,"date":"2025-05-23T11:24:53","date_gmt":"2025-05-23T11:24:53","guid":{"rendered":"https:\/\/rdnews.al\/?p=114728"},"modified":"2025-05-23T11:24:53","modified_gmt":"2025-05-23T11:24:53","slug":"berisha-lufta-jone-nuk-nderpritet-gjer-ne-diten-e-zgjedhjeve-te-lira-ne-shqiperi","status":"publish","type":"post","link":"https:\/\/rdnews.al\/index.php\/2025\/05\/23\/berisha-lufta-jone-nuk-nderpritet-gjer-ne-diten-e-zgjedhjeve-te-lira-ne-shqiperi\/","title":{"rendered":"Berisha: Lufta jon\u00eb nuk nd\u00ebrpritet gjer n\u00eb dit\u00ebn e zgjedhjeve t\u00eb lira n\u00eb Shqip\u00ebri"},"content":{"rendered":"<p>Lideri i opozit\u00ebs, Sali Berisha rip\u00ebrs\u00ebriti vendosm\u00ebrin\u00eb e tij dhe t\u00eb forc\u00ebs q\u00eb p\u00ebrfaq\u00ebson p\u00ebr t\u00eb vijuar pa nd\u00ebrprerje betej\u00ebn kund\u00ebr asaj q\u00eb e quajti \u201cshtet elektoral kriminal\u201d dhe \u201cnarkoshtet shqiptar\u201d.<\/p>\n<p>Berisha theksoi se q\u00ebllimi i vet\u00ebm dhe final i k\u00ebsaj lufte politike \u00ebsht\u00eb garantimi i vot\u00ebs s\u00eb lir\u00eb p\u00ebr qytetar\u00ebt shqiptar\u00eb.<\/p>\n<p>\u201cQ\u00ebndres\u00eb, q\u00ebndres\u00eb, q\u00ebndres\u00eb ndaj shtetit elektoral kriminal.<\/p>\n<p>Ndaj narkoshtetit shqiptar dhe p\u00ebrpjekje p\u00ebr t\u00eb realizuar vot\u00ebn e lir\u00eb t\u00eb shqiptar\u00ebve.<\/p>\n<p>T\u00eb gjitha format!<\/p>\n<p>Se \u00e7far\u00eb sjell dita, do ta shihni, por e v\u00ebrteta \u00ebsht\u00eb se lufta jon\u00eb nuk nd\u00ebrpritet gjer n\u00eb dit\u00ebn e zgjedhjeve t\u00eb lira n\u00eb Shqip\u00ebri\u201d, tha Berisha.<\/p>\n","protected":false},"excerpt":{"rendered":"<p>Lideri i opozit\u00ebs, Sali Berisha rip\u00ebrs\u00ebriti vendosm\u00ebrin\u00eb e tij dhe t\u00eb forc\u00ebs q\u00eb p\u00ebrfaq\u00ebson p\u00ebr t\u00eb vijuar pa nd\u00ebrprerje betej\u00ebn kund\u00ebr asaj q\u00eb e quajti \u201cshtet elektoral kriminal\u201d dhe \u201cnarkoshtet shqiptar\u201d. Berisha theksoi se q\u00ebllimi i vet\u00ebm dhe final i k\u00ebsaj lufte politike \u00ebsht\u00eb garantimi i vot\u00ebs s\u00eb lir\u00eb p\u00ebr qytetar\u00ebt shqiptar\u00eb. \u201cQ\u00ebndres\u00eb, q\u00ebndres\u00eb, q\u00ebndres\u00eb &hellip;<\/p>\n","protected":false},"author":4,"featured_media":114714,"comment_status":"closed","ping_status":"closed","sticky":false,"template":"","format":"standard","meta":{"footnotes":""},"categories":[37],"tags":[],"class_list":["post-114728","post","type-post","status-publish","format-standard","has-post-thumbnail","","category-politike"],"_links":{"self":[{"href":"https:\/\/rdnews.al\/index.php\/wp-json\/wp\/v2\/posts\/114728","targetHints":{"allow":["GET"]}}],"collection":[{"href":"https:\/\/rdnews.al\/index.php\/wp-json\/wp\/v2\/posts"}],"about":[{"href":"https:\/\/rdnews.al\/index.php\/wp-json\/wp\/v2\/types\/post"}],"author":[{"embeddable":true,"href":"https:\/\/rdnews.al\/index.php\/wp-json\/wp\/v2\/users\/4"}],"replies":[{"embeddable":true,"href":"https:\/\/rdnews.al\/index.php\/wp-json\/wp\/v2\/comments?post=114728"}],"version-history":[{"count":1,"href":"https:\/\/rdnews.al\/index.php\/wp-json\/wp\/v2\/posts\/114728\/revisions"}],"predecessor-version":[{"id":114729,"href":"https:\/\/rdnews.al\/index.php\/wp-json\/wp\/v2\/posts\/114728\/revisions\/114729"}],"wp:featuredmedia":[{"embeddable":true,"href":"https:\/\/rdnews.al\/index.php\/wp-json\/wp\/v2\/media\/114714"}],"wp:attachment":[{"href":"https:\/\/rdnews.al\/index.php\/wp-json\/wp\/v2\/media?parent=114728"}],"wp:term":[{"taxonomy":"category","embeddable":true,"href":"https:\/\/rdnews.al\/index.php\/wp-json\/wp\/v2\/categories?post=114728"},{"taxonomy":"post_tag","embeddable":true,"href":"https:\/\/rdnews.al\/index.php\/wp-json\/wp\/v2\/tags?post=114728"}],"curies":[{"name":"wp","href":"https:\/\/api.w.org\/{rel}","templated":true}]}}