{"id":114731,"date":"2025-05-23T11:33:37","date_gmt":"2025-05-23T11:33:37","guid":{"rendered":"https:\/\/rdnews.al\/?p=114731"},"modified":"2025-05-23T11:33:37","modified_gmt":"2025-05-23T11:33:37","slug":"berisha-edi-rama-shtronte-darka-dhe-dreka-me-pojen-dhe-ergys-agasin-me-vererat-30-40-mije-euro-shishja","status":"publish","type":"post","link":"https:\/\/rdnews.al\/index.php\/2025\/05\/23\/berisha-edi-rama-shtronte-darka-dhe-dreka-me-pojen-dhe-ergys-agasin-me-vererat-30-40-mije-euro-shishja\/","title":{"rendered":"Berisha: Edi Rama shtronte darka dhe dreka me Poj\u00ebn dhe Ergys Agasin me ver\u00ebrat 30-40 mij\u00eb euro shishja!"},"content":{"rendered":"<p>Kryetari i PD, Sali Berisha i rikthehet temave t\u00eb p\u00ebrgjimeve q\u00eb kan\u00eb nxjerr\u00eb n\u00eb pah lidhjet e thella mes qeveris\u00eb dhe grupeve kriminale, duke p\u00ebrmendur drekat dhe darkat luksoze t\u00eb organizuara nga Edi Rama me figura t\u00eb njohura si Poja dhe Ergys Agasi, ku \u00e7mimi i ver\u00ebrave arrinte deri n\u00eb 30-40 mij\u00eb euro p\u00ebr shishe.<br \/>\nBerisha shpjegon se, pavar\u00ebsisht denoncimeve t\u00eb opozit\u00ebs dhe zbulimeve nd\u00ebrkomb\u00ebtare, regjimi aktual p\u00ebrdor \u00e7do mjet p\u00ebr t\u00eb manipuluar zgjedhjet dhe p\u00ebr t\u00eb ruajtur pushtetin, duke p\u00ebrfshir\u00eb dhuratat, faljet e gjobave dhe kontrollin e medias, si dhe lidhjet me krimin e organizuar.<br \/>\n\u201cIsa, jo vet\u00ebm pas fars\u00ebs, por n\u00eb \u00e7do koh\u00eb dhe n\u00eb \u00e7do moment, un\u00eb kam vet\u00ebdijen time se jasht\u00eb teoris\u00eb s\u00eb gabimit nuk del askush.<br \/>\nDhe t\u00eb jeni t\u00eb bindur ju, se PD pas luft\u00ebs p\u00ebr paraqitjen nd\u00ebrkomb\u00ebtare t\u00eb k\u00ebsaj farse, pa diskutim q\u00eb do b\u00ebj\u00eb t\u00eb gjith\u00eb diskutimet e brendshme p\u00ebr t\u00eb gjitt\u00eb problematikat, defektet, t\u00eb metat, gabimet, etj.<br \/>\nVet\u00ebm nj\u00eb gj\u00eb, do t\u2019i marrim me hierarkin\u00eb e vlerave dhe koncepteve.<br \/>\nFarsa nuk fitohet nga opozita.<br \/>\n\u00c7far\u00eb do q\u00eb t\u00eb b\u00ebj\u00eb opozita, opozita nuk e ndalon dot qeverin\u00eb q\u00eb t\u00eb fal\u00eb 200 milion\u00eb euro gjoba.<br \/>\n\u00c7far\u00eb do q\u00eb t\u00eb b\u00ebj\u00eb opozita, opozita nuk e ndalon do qeverin\u00eb q\u00eb t\u00eb b\u00ebj\u00eb dhurat\u00eb 100 euro p\u00ebr 760 mij\u00eb pensionist\u00eb.<br \/>\n\u00c7far\u00eb do q\u00eb t\u00eb b\u00ebj\u00eb opozita, opozita nuk e ndalon do qeverin\u00eb q\u00eb t\u00eb shp\u00ebrndaj\u00eb miliona rr\u00ebnj\u00eb kanabis p\u00ebr t\u2019u mbjell\u00eb, t\u00eb cilat n\u00eb vetvete p\u00ebrb\u00ebjn\u00eb nj\u00eb potencial t\u00eb tmerrsh\u00ebm bler\u00ebs n\u00eb kat\u00ebr an\u00ebt e vendit. Nj\u00eb rr\u00ebnj\u00eb kanabis vler\u00ebsohet 1 mij\u00eb euro.<br \/>\n\u00c7far\u00eb do q\u00eb t\u00eb b\u00ebj\u00eb opozita, opozita nuk mund t\u00eb arrestoj\u00eb as Elvis Do\u00e7in dhe as Suel \u00c7el\u00ebn. Por opozita i ka denoncuar me z\u00eb dhe figur\u00eb n\u00eb m\u00ebnyr\u00ebn m\u00eb t\u00eb fuqishme.<br \/>\nOpozita e ka b\u00ebr\u00eb pun\u00ebn e vet duke garantuar nj\u00eb rezolut\u00eb nd\u00ebrkomb\u00ebtare t\u00eb paprecedent, q\u00eb i shpall k\u00ebto zgjedhje fars\u00eb pa u zhvilluar.<br \/>\nDuke zhvilluar nj\u00eb hearing t\u00eb paprecedent n\u00eb Parlamentin Europian n\u00eb mes t\u00eb fushat\u00ebs zgjedhore.<br \/>\nPor opozita fars\u00ebn nuk mund ta fitoj\u00eb.<br \/>\nOpozita fiton zgjedhjet.<br \/>\nOpozita duhet t\u00eb gjykohet n\u00ebse fiton apo jo zgjedhjet.<br \/>\nKurse farsat jo, farsat jan\u00eb piramid\u00eb mashtrimi e qeveris\u00eb.<br \/>\nMjafton t\u00eb lexosh kapitullin p\u00ebr median, \u00ebsht\u00eb kapitulli m\u00eb i trishtuar. Kur shkruhet p\u00ebr autocensur\u00ebn, ai \u00ebsht\u00eb nj\u00eb fatalitet p\u00ebr vendin.<br \/>\nK\u00ebt\u00eb e imponon regjimi. Njeriu nuk e do autocensur\u00ebn, por ajo imponohet nga regjimi.<br \/>\nK\u00ebtu \u00ebsht\u00eb nj\u00eb struktur\u00eb e p\u00ebrbashk\u00ebt shtet-krim, jan\u00eb nj\u00eb k\u00ebta.<br \/>\nTani m\u00eb thot\u00eb se ato p\u00ebrgjimet q\u00eb kan\u00eb ardhur, tregojn\u00eb p\u00ebr darkat dhe drekat q\u00eb Edi Rama shtronte me Poj\u00ebn dhe Ergys Agasin me ver\u00ebrat 30-40 mij\u00eb euro shishja.<br \/>\nPse ti kujton se do i marr\u00ebsh vesh ndonj\u00ebher\u00eb nga Altin Dumani k\u00ebto?<br \/>\nKurr\u00eb.<br \/>\nI pastroi ai ato.<br \/>\nI cili u faktua se \u00e7far\u00eb \u00ebsht\u00eb.<br \/>\nSi t\u00eb mos i arrestonte ai ata kur i solli Italia?<br \/>\nNuk i arrestoi sepse ishte gjenerali elektoral i krimit.<br \/>\nJa pra, po b\u00ebjm\u00eb nj\u00eb pun\u00eb, por njer\u00ebzit nuk duhet t\u00eb mashtrohen.<br \/>\nMe Edi Ram\u00ebn zgjedhje nuk ka\u201d, u shpreh Berisha.<\/p>\n","protected":false},"excerpt":{"rendered":"<p>Kryetari i PD, Sali Berisha i rikthehet temave t\u00eb p\u00ebrgjimeve q\u00eb kan\u00eb nxjerr\u00eb n\u00eb pah lidhjet e thella mes qeveris\u00eb dhe grupeve kriminale, duke p\u00ebrmendur drekat dhe darkat luksoze t\u00eb organizuara nga Edi Rama me figura t\u00eb njohura si Poja dhe Ergys Agasi, ku \u00e7mimi i ver\u00ebrave arrinte deri n\u00eb 30-40 mij\u00eb euro p\u00ebr shishe. &hellip;<\/p>\n","protected":false},"author":4,"featured_media":114719,"comment_status":"closed","ping_status":"closed","sticky":false,"template":"","format":"standard","meta":{"footnotes":""},"categories":[37],"tags":[],"class_list":["post-114731","post","type-post","status-publish","format-standard","has-post-thumbnail","","category-politike"],"_links":{"self":[{"href":"https:\/\/rdnews.al\/index.php\/wp-json\/wp\/v2\/posts\/114731","targetHints":{"allow":["GET"]}}],"collection":[{"href":"https:\/\/rdnews.al\/index.php\/wp-json\/wp\/v2\/posts"}],"about":[{"href":"https:\/\/rdnews.al\/index.php\/wp-json\/wp\/v2\/types\/post"}],"author":[{"embeddable":true,"href":"https:\/\/rdnews.al\/index.php\/wp-json\/wp\/v2\/users\/4"}],"replies":[{"embeddable":true,"href":"https:\/\/rdnews.al\/index.php\/wp-json\/wp\/v2\/comments?post=114731"}],"version-history":[{"count":1,"href":"https:\/\/rdnews.al\/index.php\/wp-json\/wp\/v2\/posts\/114731\/revisions"}],"predecessor-version":[{"id":114732,"href":"https:\/\/rdnews.al\/index.php\/wp-json\/wp\/v2\/posts\/114731\/revisions\/114732"}],"wp:featuredmedia":[{"embeddable":true,"href":"https:\/\/rdnews.al\/index.php\/wp-json\/wp\/v2\/media\/114719"}],"wp:attachment":[{"href":"https:\/\/rdnews.al\/index.php\/wp-json\/wp\/v2\/media?parent=114731"}],"wp:term":[{"taxonomy":"category","embeddable":true,"href":"https:\/\/rdnews.al\/index.php\/wp-json\/wp\/v2\/categories?post=114731"},{"taxonomy":"post_tag","embeddable":true,"href":"https:\/\/rdnews.al\/index.php\/wp-json\/wp\/v2\/tags?post=114731"}],"curies":[{"name":"wp","href":"https:\/\/api.w.org\/{rel}","templated":true}]}}