{"id":114749,"date":"2025-05-23T17:11:48","date_gmt":"2025-05-23T17:11:48","guid":{"rendered":"https:\/\/rdnews.al\/?p=114749"},"modified":"2025-05-23T17:16:52","modified_gmt":"2025-05-23T17:16:52","slug":"ish-ministri-i-drejtesise-4-pyetje-qe-presin-pergjigje-per-operacionin-ura","status":"publish","type":"post","link":"https:\/\/rdnews.al\/index.php\/2025\/05\/23\/ish-ministri-i-drejtesise-4-pyetje-qe-presin-pergjigje-per-operacionin-ura\/","title":{"rendered":"Ish-ministri i Drejt\u00ebsis\u00eb: 4 pyetje q\u00eb presin p\u00ebrgjigje p\u00ebr operacionin \u201cUra\u201d"},"content":{"rendered":"<p>Ish-ministri i Drejt\u00ebsis\u00eb, Eduart Halimi ka reaguar n\u00eb lidhje me ekzekutimin e masave t\u00eb arrestit p\u00ebr operacionin &#8220;Ura&#8221;, i k\u00ebrkuar n\u00eb 19.3.2025, t\u00eb aprovuan n\u00eb 30.04.2025 (pas 42 dit\u00ebsh) dhe t\u00eb ekzekutuar n\u00eb dat\u00eb 20.05.2025, pra pas 62 dit\u00ebsh nga k\u00ebrkesa e SPAK, 9 dit\u00eb pas zgjedhjeve, duke hedhur dyshime mbi drejt\u00ebsin\u00eb e re penale, p\u00ebr ndikime t\u00eb politik\u00ebs.<\/p>\n<p>\u201cMund t\u00eb jet\u00eb i pari rast n\u00eb historin\u00eb e drejt\u00ebsis\u00eb s\u00eb re penale! Drejt\u00ebsia nuk mjafton t\u00eb jet\u00eb kurr\u00eb vet\u00ebm formalisht korrekte\u00a0&#8211; ajo duhet t\u00eb jet\u00eb edhe n\u00eb koh\u00eb, efektive dhe e pa ndikuar nga rrethana politike apo kalkulime elektorale\u201d, shkruan Halimi n\u00eb Facebook.<\/p>\n<p><strong>Reagimi <\/strong><\/p>\n<p>\ud83d\udccdP\u00ebrgjigjia e pyetjes nr. 2 u zgjidh:<\/p>\n<p>\ud83d\udd34 Masat e arrestit p\u00ebr operacionin &#8220;Ura&#8221; u k\u00ebrkuan n\u00eb 19.3.2025, u aprovuan n\u00eb 30.04.2025 ( pas 42 dit\u00ebsh) dhe u ekzekutuan n\u00eb dat\u00eb 20.05.2025. Pra pas 62 dit\u00ebsh nga k\u00ebrkesa e SPAK, 9 dit\u00eb pas zgjedhjeve!<\/p>\n<p>Tani p\u00ebrgjigjiet e 4 pyetjeve t\u00eb tjera jan\u00eb t\u00eb thjeshta dhe i gjeni vet\u00eb, pasi mund t\u00eb jet\u00eb i pari rast n\u00eb historin\u00eb e drejt\u00ebsis\u00eb s\u00eb re penale!<\/p>\n<p>Drejt\u00ebsia nuk mjafton t\u00eb jet\u00eb kurr\u00eb vet\u00ebm formalisht korrekte &#8211; ajo duhet t\u00eb jet\u00eb edhe n\u00eb koh\u00eb, efektive dhe e pa ndikuar nga rrethana politike apo kalkulime elektorale.<\/p>\n<div class=\"fotogaleri\">\n<div class=\"bx-wrapper\">\n<div class=\"bx-viewport\">\n<ul class=\"read-slider\">\n<li><a href=\"https:\/\/www.syri.net\/fotogaleria\/790378\/operacioni-ura-u-ekzekutua-pas-zgjedhjeve-halimi-drejtesia-e-ndikuar-nga-rrethana-politike-apo-kalkulime-elektorale\/\" target=\"_blank\" rel=\"noopener\"><img decoding=\"async\" src=\"https:\/\/www.syri.net\/uploads\/syri.net\/images\/2025\/May\/23\/auto_499227053_10230538486186733_7432072414268469945_n1748017588.jpg\" \/><\/a>\n<div class=\"fotogaleri\">\n<div class=\"bx-wrapper\">\n<div class=\"bx-viewport\">\n<ul class=\"read-slider\">\n<li><a href=\"https:\/\/www.syri.net\/fotogaleria\/790378\/operacioni-ura-u-ekzekutua-pas-zgjedhjeve-halimi-drejtesia-e-ndikuar-nga-rrethana-politike-apo-kalkulime-elektorale\/\" target=\"_blank\" rel=\"noopener\"><img decoding=\"async\" src=\"https:\/\/www.syri.net\/uploads\/syri.net\/images\/2025\/May\/23\/auto_499516583_10230538486266735_5190590360585585944_n1748017591.jpg\" \/><\/a><\/li>\n<\/ul>\n<\/div>\n<\/div>\n<\/div>\n<\/li>\n<\/ul>\n<\/div>\n<\/div>\n<\/div>\n","protected":false},"excerpt":{"rendered":"<p>Ish-ministri i Drejt\u00ebsis\u00eb, Eduart Halimi ka reaguar n\u00eb lidhje me ekzekutimin e masave t\u00eb arrestit p\u00ebr operacionin &#8220;Ura&#8221;, i k\u00ebrkuar n\u00eb 19.3.2025, t\u00eb aprovuan n\u00eb 30.04.2025 (pas 42 dit\u00ebsh) dhe t\u00eb ekzekutuar n\u00eb dat\u00eb 20.05.2025, pra pas 62 dit\u00ebsh nga k\u00ebrkesa e SPAK, 9 dit\u00eb pas zgjedhjeve, duke hedhur dyshime mbi drejt\u00ebsin\u00eb e re penale, &hellip;<\/p>\n","protected":false},"author":4,"featured_media":114554,"comment_status":"closed","ping_status":"closed","sticky":false,"template":"","format":"standard","meta":{"footnotes":""},"categories":[37],"tags":[],"class_list":["post-114749","post","type-post","status-publish","format-standard","has-post-thumbnail","","category-politike"],"_links":{"self":[{"href":"https:\/\/rdnews.al\/index.php\/wp-json\/wp\/v2\/posts\/114749","targetHints":{"allow":["GET"]}}],"collection":[{"href":"https:\/\/rdnews.al\/index.php\/wp-json\/wp\/v2\/posts"}],"about":[{"href":"https:\/\/rdnews.al\/index.php\/wp-json\/wp\/v2\/types\/post"}],"author":[{"embeddable":true,"href":"https:\/\/rdnews.al\/index.php\/wp-json\/wp\/v2\/users\/4"}],"replies":[{"embeddable":true,"href":"https:\/\/rdnews.al\/index.php\/wp-json\/wp\/v2\/comments?post=114749"}],"version-history":[{"count":2,"href":"https:\/\/rdnews.al\/index.php\/wp-json\/wp\/v2\/posts\/114749\/revisions"}],"predecessor-version":[{"id":114751,"href":"https:\/\/rdnews.al\/index.php\/wp-json\/wp\/v2\/posts\/114749\/revisions\/114751"}],"wp:featuredmedia":[{"embeddable":true,"href":"https:\/\/rdnews.al\/index.php\/wp-json\/wp\/v2\/media\/114554"}],"wp:attachment":[{"href":"https:\/\/rdnews.al\/index.php\/wp-json\/wp\/v2\/media?parent=114749"}],"wp:term":[{"taxonomy":"category","embeddable":true,"href":"https:\/\/rdnews.al\/index.php\/wp-json\/wp\/v2\/categories?post=114749"},{"taxonomy":"post_tag","embeddable":true,"href":"https:\/\/rdnews.al\/index.php\/wp-json\/wp\/v2\/tags?post=114749"}],"curies":[{"name":"wp","href":"https:\/\/api.w.org\/{rel}","templated":true}]}}