{"id":114810,"date":"2025-05-24T10:29:21","date_gmt":"2025-05-24T10:29:21","guid":{"rendered":"https:\/\/rdnews.al\/?p=114810"},"modified":"2025-05-24T11:34:13","modified_gmt":"2025-05-24T11:34:13","slug":"skandali-karteli-troplini-piketon-ministrin-e-brendshem-te-rames","status":"publish","type":"post","link":"https:\/\/rdnews.al\/index.php\/2025\/05\/24\/skandali-karteli-troplini-piketon-ministrin-e-brendshem-te-rames\/","title":{"rendered":"Skandali\/ Karteli \u201cTroplini\u201d piketon ministrin e Brendsh\u00ebm t\u00eb Ram\u00ebs!"},"content":{"rendered":"<p>Arkend Balla ishte piketuar nga karteli i drog\u00ebs s\u00eb \u201cPoj\u00ebs\u201d si minist\u00ebr i Brendsh\u00ebm i Ram\u00ebs. Denoncimi \u00ebsht\u00eb b\u00ebr\u00eb nga Berisha.<\/p>\n<p>Kryetari i PD, Sali Berisha, n\u00eb nj\u00eb konferenc\u00eb p\u00ebr mediat nga selia blu, denoncoi kandidat\u00ebt e PS q\u00eb u mb\u00ebshtet\u00ebn nga grupi kriminal i Troplin\u00ebve p\u00ebr t\u00eb marr\u00eb vota n\u00eb zgjedhje.<\/p>\n<p>Berisha tha se, nj\u00ebri prej tyre \u00ebsht\u00eb kandidati m\u00eb i votuar n\u00eb Durr\u00ebs, Arkend Balla, me 20 718 vota, t\u00eb cilit i \u00ebsht\u00eb premtuar se, pas zgjedhjeve do t\u00eb b\u00ebhet minist\u00ebr i Brendsh\u00ebm. Berisha b\u00ebri nj\u00eb krhasim me zgjedhjet e vitit 2021, ku ky kandidat kishte marr\u00eb vet\u00ebm 2463 vota, pasi nuk ishte rekrutuar ende nga klani Troplini.<\/p>\n<p>\u201cTani, p\u00ebr t\u00eb ilustruar disa momente t\u00eb nd\u00ebrhyrjes s\u00eb kartelit Troplini n\u00eb zgjedhje, kemi k\u00ebtu famozin Arkend Balla, p\u00ebr t\u00eb cilin dje zyra e shtipit t\u00eb Edi Ram\u00ebs shp\u00ebrndante editoriale q\u00eb i botonin lakejt\u00eb e tij, duke e marr\u00eb n\u00eb mbrojtje se \u00e7far\u00eb malli \u00ebsht\u00eb ky.<\/p>\n<p>Arkend Balla, n\u00eb vitin 2021, kur kumbar\u00ebt e kartelit nuk e kishin rekrutuar akoma, mori 2463 vota. Arkend Balla n\u00eb vitin 2025, n\u00ebn patronazhin e kartelit Troplini, Elvis Do\u00e7it, mori 20718 vota. Pra k\u00ebtij pothuaj iu dhjet\u00ebfishuan votat n\u00eb patronazhin e kartelit Troplini.<\/p>\n<p>Arkend Balla ishte premtuar dhe \u00ebsht\u00eb premtuar p\u00ebr minist\u00ebr i Brendsh\u00ebm i kartelit Troplini pas zgjedhjeve. Ndaj dhe dje, zyra e shtypit t\u00eb kryeministrit, u shp\u00ebrndante editoriale portaleve t\u00eb kontrolluara prej qeveris\u00eb dhe krimit, me t\u00eb cilat p\u00ebrpiqeshin t\u00eb mir\u00ebsonin imazhin e Arkend Ball\u00ebs, e k\u00ebtij produkti t\u00eb kartelit Troplini\u201d, tha Berisha.<\/p>\n","protected":false},"excerpt":{"rendered":"<p>Arkend Balla ishte piketuar nga karteli i drog\u00ebs s\u00eb \u201cPoj\u00ebs\u201d si minist\u00ebr i Brendsh\u00ebm i Ram\u00ebs. Denoncimi \u00ebsht\u00eb b\u00ebr\u00eb nga Berisha. Kryetari i PD, Sali Berisha, n\u00eb nj\u00eb konferenc\u00eb p\u00ebr mediat nga selia blu, denoncoi kandidat\u00ebt e PS q\u00eb u mb\u00ebshtet\u00ebn nga grupi kriminal i Troplin\u00ebve p\u00ebr t\u00eb marr\u00eb vota n\u00eb zgjedhje. Berisha tha se, &hellip;<\/p>\n","protected":false},"author":4,"featured_media":114811,"comment_status":"closed","ping_status":"closed","sticky":false,"template":"","format":"standard","meta":{"footnotes":""},"categories":[37],"tags":[],"class_list":["post-114810","post","type-post","status-publish","format-standard","has-post-thumbnail","","category-politike"],"_links":{"self":[{"href":"https:\/\/rdnews.al\/index.php\/wp-json\/wp\/v2\/posts\/114810","targetHints":{"allow":["GET"]}}],"collection":[{"href":"https:\/\/rdnews.al\/index.php\/wp-json\/wp\/v2\/posts"}],"about":[{"href":"https:\/\/rdnews.al\/index.php\/wp-json\/wp\/v2\/types\/post"}],"author":[{"embeddable":true,"href":"https:\/\/rdnews.al\/index.php\/wp-json\/wp\/v2\/users\/4"}],"replies":[{"embeddable":true,"href":"https:\/\/rdnews.al\/index.php\/wp-json\/wp\/v2\/comments?post=114810"}],"version-history":[{"count":3,"href":"https:\/\/rdnews.al\/index.php\/wp-json\/wp\/v2\/posts\/114810\/revisions"}],"predecessor-version":[{"id":114840,"href":"https:\/\/rdnews.al\/index.php\/wp-json\/wp\/v2\/posts\/114810\/revisions\/114840"}],"wp:featuredmedia":[{"embeddable":true,"href":"https:\/\/rdnews.al\/index.php\/wp-json\/wp\/v2\/media\/114811"}],"wp:attachment":[{"href":"https:\/\/rdnews.al\/index.php\/wp-json\/wp\/v2\/media?parent=114810"}],"wp:term":[{"taxonomy":"category","embeddable":true,"href":"https:\/\/rdnews.al\/index.php\/wp-json\/wp\/v2\/categories?post=114810"},{"taxonomy":"post_tag","embeddable":true,"href":"https:\/\/rdnews.al\/index.php\/wp-json\/wp\/v2\/tags?post=114810"}],"curies":[{"name":"wp","href":"https:\/\/api.w.org\/{rel}","templated":true}]}}