{"id":114914,"date":"2025-05-26T10:05:40","date_gmt":"2025-05-26T10:05:40","guid":{"rendered":"https:\/\/rdnews.al\/?p=114914"},"modified":"2025-05-26T10:05:40","modified_gmt":"2025-05-26T10:05:40","slug":"spahia-ne-spak-zgjedhje-ne-kushte-te-pabarabarta-tjetersimi-i-votes-duhet-te-marre-fund","status":"publish","type":"post","link":"https:\/\/rdnews.al\/index.php\/2025\/05\/26\/spahia-ne-spak-zgjedhje-ne-kushte-te-pabarabarta-tjetersimi-i-votes-duhet-te-marre-fund\/","title":{"rendered":"Spahia n\u00eb SPAK: Zgjedhje n\u00eb kushte t\u00eb pabarabarta, tjet\u00ebrsimi i vot\u00ebs duhet t\u00eb marr\u00eb fund!"},"content":{"rendered":"<p>Bardh Spahia, n\u00eb nj\u00eb deklarat\u00eb p\u00ebr mediat jasht\u00eb ambienteve t\u00eb SPAK, u shpreh se qytetar\u00ebt shkodran\u00eb kan\u00eb dh\u00ebn\u00eb nj\u00eb mesazh t\u00eb qart\u00eb p\u00ebrmes vot\u00ebs s\u00eb tyre, duke u treguar m\u00eb t\u00eb nd\u00ebrgjegjsh\u00ebm se kurr\u00eb n\u00eb mbrojtje t\u00eb interesit publik dhe demokracis\u00eb.<\/p>\n<p>Spahia theksoi se zgjedhjet nuk u zhvilluan n\u00eb kushte t\u00eb barabarta, duke akuzuar mazhoranc\u00ebn p\u00ebr p\u00ebrdorim t\u00eb shtetit dhe t\u00eb t\u00eb gjitha burimeve publike n\u00eb funksion t\u00eb tjet\u00ebrsimit t\u00eb vullnetit t\u00eb qytetar\u00ebve.<\/p>\n<p>Sipas tij, kemi t\u00eb b\u00ebjm\u00eb me nj\u00eb \u2018maskarad\u00eb elektorale\u2019 t\u00eb mir\u00eborganizuar, q\u00eb nuk lejonte qytetar\u00ebt shqiptar\u00eb t\u00eb shprehnin lirisht vullnetin e tyre n\u00ebp\u00ebrmjet vot\u00ebs.<\/p>\n<p>Ai shtoi se kjo situat\u00eb nuk \u00ebsht\u00eb thjesht nj\u00eb problem lokal, por pasqyr\u00eb e nj\u00eb realiteti t\u00eb dhimbsh\u00ebm n\u00eb t\u00eb gjith\u00eb vendin, ku sipas tij, prej 12 vitesh mazhoranca ka punuar p\u00ebr t\u00eb asgj\u00ebsuar t\u00eb drejt\u00ebn e vot\u00ebs s\u00eb lir\u00eb dhe p\u00ebr t\u00eb kapur \u00e7do institucion.<\/p>\n<p>Spahia k\u00ebrkoi reflektim t\u00eb thell\u00eb institucional dhe politik, dhe theksoi se kjo \u2018masak\u00ebr elektorale\u2019 duhet t\u00eb marr\u00eb fund, duke p\u00ebrmendur si p\u00ebrgjegj\u00ebs kryesor kryeministrin Edi Rama dhe qeverin\u00eb e tij.<\/p>\n<p>\u201cUn\u00eb kam p\u00ebrshtypjen se m\u00eb mir\u00eb se askush tjet\u00ebr, qytetar\u00ebt shkodran\u00eb kan\u00eb qen\u00eb t\u00eb nd\u00ebrgjegjsh\u00ebm dhe kan\u00eb dh\u00ebn\u00eb p\u00ebrgjigjen e tyre p\u00ebrmes vot\u00ebs. Ka qen\u00eb nj\u00eb sulm politik ndaj nj\u00eb personi q\u00eb ka mbrojtur gjithmon\u00eb interesin publik dhe qytetar. Un\u00eb fal\u00ebnderoj t\u00eb gjith\u00eb qytetar\u00ebt shkodran\u00eb p\u00ebr mb\u00ebshtetjen e tyre dhe q\u00eb kan\u00eb zgjedhur t\u00eb votojn\u00eb Partin\u00eb Demokratike n\u00eb nj\u00eb situat\u00eb jasht\u00ebzakonisht t\u00eb v\u00ebshtir\u00eb dhe me nj\u00eb bat\u00ebrdi elektorale, e cila ka nevoj\u00eb p\u00ebr shqyrtim dhe reflektim t\u00eb thell\u00eb.<\/p>\n<p>Un\u00eb mendoj se qytetar\u00ebve shqiptar\u00eb duhet t\u2019u rikthehet e drejta e vot\u00ebs, e cila \u00ebsht\u00eb eliminuar dhe asgj\u00ebsuar nga nj\u00eb mazhoranc\u00eb q\u00eb prej 12 vitesh nuk lejon q\u00eb qytetar\u00ebt shqiptar\u00eb t\u00eb shprehen p\u00ebrmes vot\u00ebs s\u00eb lir\u00eb. Vota e shqiptar\u00ebve \u00ebsht\u00eb tjet\u00ebrsuar n\u00eb m\u00ebnyr\u00ebn m\u00eb t\u00eb turpshme t\u00eb mundshme. Ka pasur nj\u00eb maskarad\u00eb elektorale, p\u00ebr t\u00eb cil\u00ebn jemi t\u00eb gjith\u00eb t\u00eb vet\u00ebdijsh\u00ebm, dhe ka nevoj\u00eb p\u00ebr reagim dhe reflektim nga ata q\u00eb kan\u00eb marr\u00eb p\u00ebrsip\u00ebr t\u00eb tjet\u00ebrsojn\u00eb vullnetin e qytetar\u00ebve shqiptar\u00eb.<\/p>\n<p>Ka qen\u00eb nj\u00eb luft\u00eb e jasht\u00ebzakonshme n\u00eb kushte t\u00eb pabarabarta, me shtetin t\u00eb b\u00ebr\u00eb nj\u00ebsh me krimin dhe p\u00ebrdorimin e t\u00eb gjitha resurseve publike e shtet\u00ebrore n\u00eb funksion t\u00eb tjet\u00ebrsimit t\u00eb vullnetit t\u00eb qytetar\u00ebve shkodran\u00eb. Do t\u00eb kishte krejt tjet\u00ebr rezultat \u2013 dhe Shkodra, padyshim, do t\u00eb kishte nj\u00eb rezultat tjet\u00ebr \u2013 ashtu si e gjith\u00eb Shqip\u00ebria. Kjo \u00ebsht\u00eb nj\u00eb masak\u00ebr elektorale q\u00eb duhet t\u00eb marr\u00eb fund, dhe p\u00ebrgjegj\u00ebs p\u00ebr k\u00ebt\u00eb jan\u00eb persona me em\u00ebr dhe mbiem\u00ebr: Edi Rama dhe qeveria e tij\u201d, tha Bardh Spahia.<\/p>\n","protected":false},"excerpt":{"rendered":"<p>Bardh Spahia, n\u00eb nj\u00eb deklarat\u00eb p\u00ebr mediat jasht\u00eb ambienteve t\u00eb SPAK, u shpreh se qytetar\u00ebt shkodran\u00eb kan\u00eb dh\u00ebn\u00eb nj\u00eb mesazh t\u00eb qart\u00eb p\u00ebrmes vot\u00ebs s\u00eb tyre, duke u treguar m\u00eb t\u00eb nd\u00ebrgjegjsh\u00ebm se kurr\u00eb n\u00eb mbrojtje t\u00eb interesit publik dhe demokracis\u00eb. Spahia theksoi se zgjedhjet nuk u zhvilluan n\u00eb kushte t\u00eb barabarta, duke akuzuar mazhoranc\u00ebn &hellip;<\/p>\n","protected":false},"author":4,"featured_media":114915,"comment_status":"closed","ping_status":"closed","sticky":false,"template":"","format":"standard","meta":{"footnotes":""},"categories":[37],"tags":[],"class_list":["post-114914","post","type-post","status-publish","format-standard","has-post-thumbnail","","category-politike"],"_links":{"self":[{"href":"https:\/\/rdnews.al\/index.php\/wp-json\/wp\/v2\/posts\/114914","targetHints":{"allow":["GET"]}}],"collection":[{"href":"https:\/\/rdnews.al\/index.php\/wp-json\/wp\/v2\/posts"}],"about":[{"href":"https:\/\/rdnews.al\/index.php\/wp-json\/wp\/v2\/types\/post"}],"author":[{"embeddable":true,"href":"https:\/\/rdnews.al\/index.php\/wp-json\/wp\/v2\/users\/4"}],"replies":[{"embeddable":true,"href":"https:\/\/rdnews.al\/index.php\/wp-json\/wp\/v2\/comments?post=114914"}],"version-history":[{"count":1,"href":"https:\/\/rdnews.al\/index.php\/wp-json\/wp\/v2\/posts\/114914\/revisions"}],"predecessor-version":[{"id":114916,"href":"https:\/\/rdnews.al\/index.php\/wp-json\/wp\/v2\/posts\/114914\/revisions\/114916"}],"wp:featuredmedia":[{"embeddable":true,"href":"https:\/\/rdnews.al\/index.php\/wp-json\/wp\/v2\/media\/114915"}],"wp:attachment":[{"href":"https:\/\/rdnews.al\/index.php\/wp-json\/wp\/v2\/media?parent=114914"}],"wp:term":[{"taxonomy":"category","embeddable":true,"href":"https:\/\/rdnews.al\/index.php\/wp-json\/wp\/v2\/categories?post=114914"},{"taxonomy":"post_tag","embeddable":true,"href":"https:\/\/rdnews.al\/index.php\/wp-json\/wp\/v2\/tags?post=114914"}],"curies":[{"name":"wp","href":"https:\/\/api.w.org\/{rel}","templated":true}]}}