{"id":114933,"date":"2025-05-26T10:48:06","date_gmt":"2025-05-26T10:48:06","guid":{"rendered":"https:\/\/rdnews.al\/?p=114933"},"modified":"2025-05-26T10:48:06","modified_gmt":"2025-05-26T10:48:06","slug":"farsa-elektorale-berisha-kandidati-i-kartelit-troplini-ne-durres-mori-5-mije-vota-me-shume-se-edi-rama","status":"publish","type":"post","link":"https:\/\/rdnews.al\/index.php\/2025\/05\/26\/farsa-elektorale-berisha-kandidati-i-kartelit-troplini-ne-durres-mori-5-mije-vota-me-shume-se-edi-rama\/","title":{"rendered":"Farsa elektorale\/ Berisha: Kandidati i kartelit Troplini n\u00eb Durr\u00ebs mori 5 mij\u00eb vota m\u00eb shum\u00eb se Edi Rama!"},"content":{"rendered":"<p>Lideri i opozit\u00ebs, Sali Berisha, n\u00eb konferenc\u00ebn me gazetar\u00ebt u shpreh se, kandidati i kartelit t\u00eb Troplinit n\u00eb Durr\u00ebs ka marr\u00eb m\u00eb shum\u00eb vota se vet\u00eb kreu i qeveris\u00eb, Edi Rama.<\/p>\n<p>Berisha tha se, \u00ebsht\u00eb karteli q\u00eb kontrollon me dhjet\u00ebra biznese t\u00eb paprekura nga Altin Dumani. \u00cbsht\u00eb karteli q\u00eb nj\u00eb vit m\u00eb par\u00eb do gjendej me 3 milion\u00eb euro dhe q\u00eb nuk u ndodhi asgj\u00eb. Ky kartel kishte p\u00ebrcaktuar Arkend Ball\u00ebn si minist\u00ebr t\u00eb ardhsh\u00ebm t\u00eb Brendsh\u00ebm t\u00eb Shqip\u00ebris\u00eb.<\/p>\n<p>\u201cP\u00ebrpjekjet p\u00ebr t\u00eb injoruar ndikimin n\u00eb fars\u00ebn elektorale t\u00eb karteleve t\u00eb drog\u00ebs, organizatave dhe grupeve kriminale, t\u00eb koordinuara nga Ergys Agasi, p\u00ebrb\u00ebjn\u00eb nj\u00eb krim tjet\u00ebr madhor dhe t\u00eb sh\u00ebmtuar, dimension tipik t\u00eb fars\u00ebs elektorale t\u00eb narkoshteteve.<\/p>\n<p>Kandidati i kartelit Troplini, karteli m\u00eb i fuqish\u00ebm i kokain\u00ebs n\u00eb Ballkan dhe nd\u00ebr m\u00eb t\u00eb fuqishmit n\u00eb Europ\u00eb, i cili \u00ebsht\u00eb i vetmi kartel me port n\u00eb dispozicion, \u00ebsht\u00eb karteli q\u00eb kontrollonte n\u00eb \u00e7do met\u00ebr katror portin e Durr\u00ebsit, \u00ebsht\u00eb karteli q\u00eb b\u00ebnte \u00e7do em\u00ebrim dhe anulonte \u00e7do shkarkim n\u00eb k\u00ebt\u00eb port, duke filluar nga pozicioni i fshesarit te vin\u00e7ieri, drejtori dhe me radh\u00eb.<\/p>\n<p>\u00cbsht\u00eb karteli q\u00eb kontrollon me dhjet\u00ebra biznese t\u00eb paprekura nga Altin Dumani.<\/p>\n<p>\u00cbsht\u00eb karteli q\u00eb nj\u00eb vit m\u00eb par\u00eb do gjendej me 3 milion\u00eb euro dhe q\u00eb nuk u ndodhi asgj\u00eb.<\/p>\n<p>Ky kartel kishte p\u00ebrcaktuar Arkend Ball\u00ebn si minist\u00ebr t\u00eb ardhsh\u00ebm t\u00eb Brendsh\u00ebm t\u00eb Shqip\u00ebris\u00eb.<\/p>\n<p>N\u00eb marr\u00ebveshjen Agasi-Rama-Do\u00e7i, q\u00eb \u00ebsht\u00eb nipi i Troplin\u00ebve, por eksponent i spikatur, perandoria e kartelit Troplini shtrihet nga Peruja n\u00eb Europ\u00ebn e Veriut.<\/p>\n<p>Pra, ky kartel nxori Arkend Ball\u00ebn 5 mij\u00eb vota m\u00eb t\u00eb votuar se Edi Ram\u00ebn n\u00eb vitin 2021.<\/p>\n<p>Po, Edi Rama mori 15 mij\u00eb vota.<\/p>\n<p>Arkend Troplini mori 21 mij\u00eb vota.<\/p>\n<p>Shikoni se \u00e7far\u00eb krimi monstruoz b\u00ebn propaganda.<\/p>\n<p>K\u00ebrkon t\u2019u shes\u00eb shqiptar\u00ebve p\u00ebr zgjedhje k\u00ebt\u00eb fars\u00eb t\u00eb sh\u00ebmtuar droge dhe krimi.<\/p>\n<p>Arkend Troplini, n\u00eb vitin 2021, si Arkend Balla, mori gjithsej 2500 vota.<\/p>\n<p>Dhe kur u konvertua n\u00eb Arkend Troplini, mori 21 mij\u00eb vota.<\/p>\n<p>A ka m\u00eb pafytyr\u00ebsi se sa t\u00eb b\u00ebsh avokatin\u00eb e k\u00ebtij procesi?<\/p>\n<p>\u00c7far\u00eb morali u mbetet avoket\u00ebrve t\u00eb k\u00ebtij procesi?<\/p>\n<p>Avoket\u00ebrit e Troplinit n\u00eb gjykat\u00eb jan\u00eb me ligj, paguhen prej tij dhe \u00ebsht\u00eb normale se nuk duhet t\u00eb ket\u00eb njeri pa avokat.<\/p>\n<p>Por avoket\u00ebrit e tij n\u00eb studio, t\u00eb cil\u00ebt duan t\u2019u servirin shqiptar\u00ebve nj\u00eb proces elektoral t\u00eb till\u00eb si sukses t\u00eb qeveris\u00eb, jan\u00eb t\u00eb denj\u00eb p\u00ebr \u00e7do epitet.<\/p>\n<p>Si mundet t\u00eb flasin p\u00ebr zgjedhje?<\/p>\n<p>Si mund t\u00eb flasin p\u00ebr fitore zgjedhjesh, kur i nj\u00ebjti person ka marr\u00eb 2500 vota n\u00eb vitin 2021, dhe pasi nd\u00ebrron mbiemrin n\u00eb Arkend Troplini, merr 21 mij\u00eb vota. Tejkalon me 5 mij\u00eb vota Edi Ram\u00ebn\u201d, tha Berisha.<\/p>\n","protected":false},"excerpt":{"rendered":"<p>Lideri i opozit\u00ebs, Sali Berisha, n\u00eb konferenc\u00ebn me gazetar\u00ebt u shpreh se, kandidati i kartelit t\u00eb Troplinit n\u00eb Durr\u00ebs ka marr\u00eb m\u00eb shum\u00eb vota se vet\u00eb kreu i qeveris\u00eb, Edi Rama. Berisha tha se, \u00ebsht\u00eb karteli q\u00eb kontrollon me dhjet\u00ebra biznese t\u00eb paprekura nga Altin Dumani. \u00cbsht\u00eb karteli q\u00eb nj\u00eb vit m\u00eb par\u00eb do gjendej &hellip;<\/p>\n","protected":false},"author":4,"featured_media":114934,"comment_status":"closed","ping_status":"closed","sticky":false,"template":"","format":"standard","meta":{"footnotes":""},"categories":[37],"tags":[],"class_list":["post-114933","post","type-post","status-publish","format-standard","has-post-thumbnail","","category-politike"],"_links":{"self":[{"href":"https:\/\/rdnews.al\/index.php\/wp-json\/wp\/v2\/posts\/114933","targetHints":{"allow":["GET"]}}],"collection":[{"href":"https:\/\/rdnews.al\/index.php\/wp-json\/wp\/v2\/posts"}],"about":[{"href":"https:\/\/rdnews.al\/index.php\/wp-json\/wp\/v2\/types\/post"}],"author":[{"embeddable":true,"href":"https:\/\/rdnews.al\/index.php\/wp-json\/wp\/v2\/users\/4"}],"replies":[{"embeddable":true,"href":"https:\/\/rdnews.al\/index.php\/wp-json\/wp\/v2\/comments?post=114933"}],"version-history":[{"count":1,"href":"https:\/\/rdnews.al\/index.php\/wp-json\/wp\/v2\/posts\/114933\/revisions"}],"predecessor-version":[{"id":114935,"href":"https:\/\/rdnews.al\/index.php\/wp-json\/wp\/v2\/posts\/114933\/revisions\/114935"}],"wp:featuredmedia":[{"embeddable":true,"href":"https:\/\/rdnews.al\/index.php\/wp-json\/wp\/v2\/media\/114934"}],"wp:attachment":[{"href":"https:\/\/rdnews.al\/index.php\/wp-json\/wp\/v2\/media?parent=114933"}],"wp:term":[{"taxonomy":"category","embeddable":true,"href":"https:\/\/rdnews.al\/index.php\/wp-json\/wp\/v2\/categories?post=114933"},{"taxonomy":"post_tag","embeddable":true,"href":"https:\/\/rdnews.al\/index.php\/wp-json\/wp\/v2\/tags?post=114933"}],"curies":[{"name":"wp","href":"https:\/\/api.w.org\/{rel}","templated":true}]}}