{"id":114936,"date":"2025-05-26T10:51:44","date_gmt":"2025-05-26T10:51:44","guid":{"rendered":"https:\/\/rdnews.al\/?p=114936"},"modified":"2025-05-26T10:52:32","modified_gmt":"2025-05-26T10:52:32","slug":"berisha-intelektuale-kriminele-dhe-analiste-kriminele-kerkojne-tu-servirin-qytetareve-suksesin-e-kartelit-si-suksesin-e-zgjedhjeve","status":"publish","type":"post","link":"https:\/\/rdnews.al\/index.php\/2025\/05\/26\/berisha-intelektuale-kriminele-dhe-analiste-kriminele-kerkojne-tu-servirin-qytetareve-suksesin-e-kartelit-si-suksesin-e-zgjedhjeve\/","title":{"rendered":"Intelektual\u00eb kriminel\u00eb dhe analist\u00eb kriminel\u00eb k\u00ebrkojn\u00eb t\u2019u servirin qytetar\u00ebve suksesin e kartelit si suksesin e zgjedhjeve!"},"content":{"rendered":"<p>Kreu i Partis\u00eb Demokratike, Sali Berisha,\u00a0n\u00eb nj\u00eb deklarat\u00eb p\u00ebr mediat, ka\u00a0akuzuar intelektual\u00eb dhe analist\u00eb publik\u00eb si bashk\u00ebpun\u00ebtor\u00eb t\u00eb krimit zgjedhor dhe propagandist\u00eb t\u00eb sukseseve t\u00eb rreme t\u00eb qeveris\u00eb.<br \/>\nBerisha deklaroi se figura t\u00eb njohura publike po p\u00ebrpiqen t\u2019u servirin qytetar\u00ebve \u201csuksesin e kartelit\u201d si sukses elektoral, nd\u00ebrsa shteti, sipas tij, ka qen\u00eb bashk\u00ebpun\u00ebtor i drejtp\u00ebrdrejt\u00eb n\u00eb k\u00ebt\u00eb fars\u00eb.<br \/>\n\u201cUn\u00eb mund t\u2019u rreshtoj ju nj\u00eb seri t\u00eb tjer\u00ebsh.<br \/>\n\u00c7far\u00eb jan\u00eb k\u00ebta q\u00eb duan t\u00eb legjitimojn\u00eb krimin n\u00eb zgjedhje?<br \/>\n\u00c7do kriminel duhet t\u00eb ket\u00eb nj\u00eb avokat n\u00eb p\u00ebrputhje me ligjin, po k\u00ebta, avoket\u00ebr n\u00eb studio televizive t\u00eb fars\u00ebs m\u00eb t\u00eb sh\u00ebmtuar, \u00e7far\u00eb emri mund t\u2019i quaj?<br \/>\nUa l\u00eb qytetar\u00ebve t\u2019ua v\u00ebn\u00eb emrin k\u00ebtyre.<br \/>\nN\u00eb k\u00ebt\u00eb fars\u00eb t\u00eb kartelit, dora e shtetit \u00ebsht\u00eb po kaq e zez\u00eb sa dora e kartelit.<br \/>\nSepse Irena me 5 mbiemra, e cila duhej t\u00eb kishte ikur me koh\u00eb atje ku e ka vendin, KLGJ me ligj p\u00ebr 20 dit\u00eb duhej t\u00eb jepte verdiktin, po ajo mban 42 dit\u00eb p\u00ebr t\u00eb marr\u00eb vendimin p\u00ebr Elvis Do\u00e7in.<br \/>\nE mor\u00ebt vesh besoj, q\u00eb t\u00eb gjith\u00eb krer\u00ebt e kartelit Troplini jan\u00eb t\u00eb lir\u00eb, n\u00eb arrati gjoja, por jan\u00eb t\u00eb gjith\u00eb n\u00eb Durr\u00ebs n\u00eb sht\u00ebpit\u00eb e tyre.<br \/>\nPra, a nuk \u00ebsht\u00eb ky q\u00ebndrim, ftoj qytetar\u00ebt t\u2019i shtrojn\u00eb pyetjen vetes: a nuk \u00ebsht\u00eb ky q\u00ebndrim nj\u00eb akt i sh\u00ebmtuar me t\u00eb cilin skllev\u00ebr t\u00eb krimit, intelektual\u00eb kriminel\u00eb, analist\u00eb kriminel\u00eb, t\u00eb quajtur analist\u00eb, por q\u00eb nuk kan\u00eb asgj\u00eb t\u00eb p\u00ebrbashk\u00ebt me gazetarin\u00eb dhe analiz\u00ebn, k\u00ebrkojn\u00eb t\u2019u servirin qytetar\u00ebve, suksesin e kartelit si suksesin e zgjedhjeve.<br \/>\nA p\u00ebrb\u00ebn ky nj\u00eb krim t\u00eb sh\u00ebmtuar propagandistik?<br \/>\nPra, \u00ebsht\u00eb koha t\u00eb ndalemi.<br \/>\n\u00c7do qytetar shqiptar t\u00eb analizoj\u00eb propagand\u00ebn e k\u00ebtyre dit\u00ebve se si nj\u00eblloj si n\u00eb diktatur\u00eb, intelektual\u00ebt kriminel\u00eb q\u00eb mbronin diktatur\u00ebn dhe krimet e saj, sot prap\u00eb, k\u00ebta jan\u00eb pseudo-intelektuale, k\u00ebta nuk kan\u00eb asgj\u00eb t\u00eb p\u00ebrbashk\u00ebt me intelektualin e v\u00ebrtet\u00eb, sh\u00ebrb\u00ebtorin publik.<br \/>\nK\u00ebrkojn\u00eb t\u2019u servirin si sukses qeveritar elektoral kartelet e drog\u00ebs dhe brutalitetin e tyre n\u00eb zgjedhje.<br \/>\nPra, duhet t\u00eb b\u00ebjm\u00eb dallimin t\u00eb dashur qytetar\u00eb, midis avokatit ligjor dhe k\u00ebtyre skllev\u00ebrve t\u00eb krimit q\u00eb p\u00ebrpiqen t\u00eb mashtrojn\u00eb, q\u00eb p\u00ebrdorin val\u00ebt e radiove dhe ekranet televizive p\u00ebr t\u00eb mashtruar qytetar\u00ebt.<br \/>\nP\u00ebr t\u00eb p\u00ebrligjur nj\u00eb monstruozitet evident. Nuk \u00ebsht\u00eb i fshehur.<br \/>\nJu jeni d\u00ebshmitar\u00eb, sa her\u00eb un\u00eb denoncova Sara Milen dhe Suel \u00c7el\u00ebn.<br \/>\nA nuk e denoncova gjat\u00eb fushat\u00ebs disa her\u00eb Klodian Danin, ushtar i Suel \u00c7el\u00ebs, q\u00eb th\u00ebrriste n\u00eb P\u00ebrrenjas qytetar\u00ebt t\u00eb votonin p\u00ebr Sara Milen.<br \/>\nSa her\u00eb kam denoncuar takimet e fshehta te Kodra e Kuajve t\u00eb Ergys Agasit me Suel \u00c7el\u00ebn dhe m\u00eb pas me Vangjush Dakon dhe me Edi Ram\u00ebn.<br \/>\nA mundet t\u00eb kap\u00ebrdihet?<br \/>\nA mundet t\u00eb mbrohet nj\u00eb krim i till\u00eb i sh\u00ebmtuar elektoral?\u201d, tha Berisha.<\/p>\n","protected":false},"excerpt":{"rendered":"<p>Kreu i Partis\u00eb Demokratike, Sali Berisha,\u00a0n\u00eb nj\u00eb deklarat\u00eb p\u00ebr mediat, ka\u00a0akuzuar intelektual\u00eb dhe analist\u00eb publik\u00eb si bashk\u00ebpun\u00ebtor\u00eb t\u00eb krimit zgjedhor dhe propagandist\u00eb t\u00eb sukseseve t\u00eb rreme t\u00eb qeveris\u00eb. Berisha deklaroi se figura t\u00eb njohura publike po p\u00ebrpiqen t\u2019u servirin qytetar\u00ebve \u201csuksesin e kartelit\u201d si sukses elektoral, nd\u00ebrsa shteti, sipas tij, ka qen\u00eb bashk\u00ebpun\u00ebtor i drejtp\u00ebrdrejt\u00eb &hellip;<\/p>\n","protected":false},"author":4,"featured_media":114937,"comment_status":"closed","ping_status":"closed","sticky":false,"template":"","format":"standard","meta":{"footnotes":""},"categories":[37],"tags":[],"class_list":["post-114936","post","type-post","status-publish","format-standard","has-post-thumbnail","","category-politike"],"_links":{"self":[{"href":"https:\/\/rdnews.al\/index.php\/wp-json\/wp\/v2\/posts\/114936","targetHints":{"allow":["GET"]}}],"collection":[{"href":"https:\/\/rdnews.al\/index.php\/wp-json\/wp\/v2\/posts"}],"about":[{"href":"https:\/\/rdnews.al\/index.php\/wp-json\/wp\/v2\/types\/post"}],"author":[{"embeddable":true,"href":"https:\/\/rdnews.al\/index.php\/wp-json\/wp\/v2\/users\/4"}],"replies":[{"embeddable":true,"href":"https:\/\/rdnews.al\/index.php\/wp-json\/wp\/v2\/comments?post=114936"}],"version-history":[{"count":2,"href":"https:\/\/rdnews.al\/index.php\/wp-json\/wp\/v2\/posts\/114936\/revisions"}],"predecessor-version":[{"id":114939,"href":"https:\/\/rdnews.al\/index.php\/wp-json\/wp\/v2\/posts\/114936\/revisions\/114939"}],"wp:featuredmedia":[{"embeddable":true,"href":"https:\/\/rdnews.al\/index.php\/wp-json\/wp\/v2\/media\/114937"}],"wp:attachment":[{"href":"https:\/\/rdnews.al\/index.php\/wp-json\/wp\/v2\/media?parent=114936"}],"wp:term":[{"taxonomy":"category","embeddable":true,"href":"https:\/\/rdnews.al\/index.php\/wp-json\/wp\/v2\/categories?post=114936"},{"taxonomy":"post_tag","embeddable":true,"href":"https:\/\/rdnews.al\/index.php\/wp-json\/wp\/v2\/tags?post=114936"}],"curies":[{"name":"wp","href":"https:\/\/api.w.org\/{rel}","templated":true}]}}