{"id":114953,"date":"2025-05-26T11:07:37","date_gmt":"2025-05-26T11:07:37","guid":{"rendered":"https:\/\/rdnews.al\/?p=114953"},"modified":"2025-05-26T11:07:37","modified_gmt":"2025-05-26T11:07:37","slug":"berisha-jam-i-bindur-se-kjo-beteje-do-te-fitohet-nuk-do-ta-nisja-nese-nuk-do-isha-i-bindur-te-fitorja","status":"publish","type":"post","link":"https:\/\/rdnews.al\/index.php\/2025\/05\/26\/berisha-jam-i-bindur-se-kjo-beteje-do-te-fitohet-nuk-do-ta-nisja-nese-nuk-do-isha-i-bindur-te-fitorja\/","title":{"rendered":"Berisha: Jam i bindur se kjo betej\u00eb do t\u00eb fitohet! Nuk do ta nisja n\u00ebse nuk do isha i bindur te fitorja!"},"content":{"rendered":"<p>Lideri i opozit\u00ebs, Sali Berisha, n\u00eb deklarat\u00ebn p\u00ebr mediat p\u00ebrs\u00ebriti bindjen e tij t\u00eb pal\u00ebkundur se, beteja politike e nisur prej tij do t\u00eb p\u00ebrfundoj\u00eb me fitoren e opozit\u00ebs dhe rikthimin e vot\u00ebs s\u00eb lir\u00eb p\u00ebr qytetar\u00ebt shqiptar\u00eb.<\/p>\n<p>Duke e quajtur k\u00ebt\u00eb proces nj\u00eb sfid\u00eb t\u00eb drejt\u00ebsis\u00eb dhe demokracis\u00eb, Berisha u shpreh se, nuk do ta kishte nisur k\u00ebt\u00eb betej\u00eb n\u00ebse nuk do t\u00eb ishte i bindur n\u00eb triumfin p\u00ebrfundimtar.<\/p>\n<p>\u201cAbsolutisht i gatsh\u00ebm ta udh\u00ebheq betej\u00ebn gjer n\u00eb fitore dhe me shembullin personal, t\u2019u rikthej shqiptar\u00ebve vot\u00ebn e lir\u00eb.<\/p>\n<p>Nuk p\u00ebrjashtohet asnj\u00eb variant.<\/p>\n<p>R\u00ebnd\u00ebsi t\u00eb jasht\u00ebzakonshme p\u00ebr ne ka q\u00eb shqiptar\u00ebt me nd\u00ebrgjegje t\u00eb plot\u00eb t\u00eb binden se kjo ishte nj\u00eb fars\u00eb dhe jo ajo si\u00e7 ua paraqet propaganda kriminale e qeveris\u00eb dhe altoparlant\u00ebve t\u00eb saj.<\/p>\n<p>Sepse \u00ebsht\u00eb shum\u00eb e r\u00ebnd\u00eb kur sheh pseudo-intelektual\u00eb t\u00eb b\u00ebjn\u00eb avokatin\u00eb e akteve mega-kriminale t\u00eb karteleve t\u00eb drog\u00ebs n\u00eb studiot televizive dhe t\u00eb thon\u00eb se n\u00eb xhepat e mi nuk ka parat\u00eb e tyre. Ti ndan moralin me ta kur pranon vepr\u00ebn e nj\u00eb karteli, ti nuk ke asnj\u00eb dallim moral nga ta.<\/p>\n<p>Je i zhveshur, je nj\u00ebsh me krimin.<\/p>\n<p>Pra, \u00e7far\u00eb do ndodh\u00eb?<\/p>\n<p>Edhe nj\u00ebher\u00eb, me Edi Ram\u00ebn nuk ka zgjedhje.<\/p>\n<p>Cilido q\u00eb \u00ebsht\u00eb i gatsh\u00ebm t\u00eb luftoj\u00eb n\u00eb rrug\u00ebn e zgjedhur nga PD. Thash\u00eb, jo jasht\u00eb institucioneve, \u00ebsht\u00eb i mir\u00ebpritur dhe un\u00eb nj\u00eb betej\u00eb q\u00eb nuk besoj se nuk do ta fitoja, nuk do e nisja.<\/p>\n<p>Jam i bindur se kjo betej\u00eb do fitohet\u201d, tha Berisha.<\/p>\n","protected":false},"excerpt":{"rendered":"<p>Lideri i opozit\u00ebs, Sali Berisha, n\u00eb deklarat\u00ebn p\u00ebr mediat p\u00ebrs\u00ebriti bindjen e tij t\u00eb pal\u00ebkundur se, beteja politike e nisur prej tij do t\u00eb p\u00ebrfundoj\u00eb me fitoren e opozit\u00ebs dhe rikthimin e vot\u00ebs s\u00eb lir\u00eb p\u00ebr qytetar\u00ebt shqiptar\u00eb. Duke e quajtur k\u00ebt\u00eb proces nj\u00eb sfid\u00eb t\u00eb drejt\u00ebsis\u00eb dhe demokracis\u00eb, Berisha u shpreh se, nuk do &hellip;<\/p>\n","protected":false},"author":4,"featured_media":114954,"comment_status":"closed","ping_status":"closed","sticky":false,"template":"","format":"standard","meta":{"footnotes":""},"categories":[37],"tags":[],"class_list":["post-114953","post","type-post","status-publish","format-standard","has-post-thumbnail","","category-politike"],"_links":{"self":[{"href":"https:\/\/rdnews.al\/index.php\/wp-json\/wp\/v2\/posts\/114953","targetHints":{"allow":["GET"]}}],"collection":[{"href":"https:\/\/rdnews.al\/index.php\/wp-json\/wp\/v2\/posts"}],"about":[{"href":"https:\/\/rdnews.al\/index.php\/wp-json\/wp\/v2\/types\/post"}],"author":[{"embeddable":true,"href":"https:\/\/rdnews.al\/index.php\/wp-json\/wp\/v2\/users\/4"}],"replies":[{"embeddable":true,"href":"https:\/\/rdnews.al\/index.php\/wp-json\/wp\/v2\/comments?post=114953"}],"version-history":[{"count":1,"href":"https:\/\/rdnews.al\/index.php\/wp-json\/wp\/v2\/posts\/114953\/revisions"}],"predecessor-version":[{"id":114955,"href":"https:\/\/rdnews.al\/index.php\/wp-json\/wp\/v2\/posts\/114953\/revisions\/114955"}],"wp:featuredmedia":[{"embeddable":true,"href":"https:\/\/rdnews.al\/index.php\/wp-json\/wp\/v2\/media\/114954"}],"wp:attachment":[{"href":"https:\/\/rdnews.al\/index.php\/wp-json\/wp\/v2\/media?parent=114953"}],"wp:term":[{"taxonomy":"category","embeddable":true,"href":"https:\/\/rdnews.al\/index.php\/wp-json\/wp\/v2\/categories?post=114953"},{"taxonomy":"post_tag","embeddable":true,"href":"https:\/\/rdnews.al\/index.php\/wp-json\/wp\/v2\/tags?post=114953"}],"curies":[{"name":"wp","href":"https:\/\/api.w.org\/{rel}","templated":true}]}}