{"id":114958,"date":"2025-05-26T11:15:39","date_gmt":"2025-05-26T11:15:39","guid":{"rendered":"https:\/\/rdnews.al\/?p=114958"},"modified":"2025-05-26T11:15:39","modified_gmt":"2025-05-26T11:15:39","slug":"berisha-pd-do-te-kerkoje-pavlefshmeri-dhe-do-beje-te-gjitha-llojet-e-ankesave","status":"publish","type":"post","link":"https:\/\/rdnews.al\/index.php\/2025\/05\/26\/berisha-pd-do-te-kerkoje-pavlefshmeri-dhe-do-beje-te-gjitha-llojet-e-ankesave\/","title":{"rendered":"Berisha: PD do t\u00eb k\u00ebrkoj\u00eb pavlefshm\u00ebri dhe do b\u00ebj\u00eb t\u00eb gjitha llojet e ankesave!"},"content":{"rendered":"<p>Kryetari i PD, Sali Berisha, ka shpallur q\u00ebndrimin zyrtar t\u00eb forc\u00ebs q\u00eb ai drejton lidhur me zgjedhjet e 11 majit, duke deklaruar se ato nuk do t\u00eb njihen dhe se Partia Demokratike do t\u00eb ndjek\u00eb \u00e7do rrug\u00eb ligjore p\u00ebr t\u00eb k\u00ebrkuar pavlefshm\u00ebrin\u00eb e tyre.<\/p>\n<p>N\u00eb nj\u00eb deklarat\u00eb p\u00ebr mediat, Berisha i cil\u00ebsoi zgjedhjet si nj\u00eb fars\u00eb t\u00eb sh\u00ebmtuar q\u00eb p\u00ebrb\u00ebn, sipas tij, nj\u00eb shkelje universale t\u00eb ligjit, normave dhe standardeve zgjedhore.<\/p>\n<p>\u201cPartia Demokratike do k\u00ebrkoj\u00eb pavlefshm\u00ebri dhe t\u00eb gjitha llojet e ankesave.<\/p>\n<p>Farsa \u00ebsht\u00eb nj\u00eb shkelje universale e ligjeve, e normave, e kritereve.<\/p>\n<p>P\u00ebr ta th\u00ebn\u00eb me nj\u00eb fjal\u00eb. Merrni deklarat\u00ebn e Edi Ram\u00ebs se kodi zgjedhor \u00ebsht\u00eb nj\u00eb kinez\u00ebri.<\/p>\n<p>Q\u00eb n\u00eb k\u00ebt\u00eb moment i d\u00ebshmon se do zhvilloj\u00eb fars\u00eb dhe jo zgjedhje.<\/p>\n","protected":false},"excerpt":{"rendered":"<p>Kryetari i PD, Sali Berisha, ka shpallur q\u00ebndrimin zyrtar t\u00eb forc\u00ebs q\u00eb ai drejton lidhur me zgjedhjet e 11 majit, duke deklaruar se ato nuk do t\u00eb njihen dhe se Partia Demokratike do t\u00eb ndjek\u00eb \u00e7do rrug\u00eb ligjore p\u00ebr t\u00eb k\u00ebrkuar pavlefshm\u00ebrin\u00eb e tyre. N\u00eb nj\u00eb deklarat\u00eb p\u00ebr mediat, Berisha i cil\u00ebsoi zgjedhjet si nj\u00eb &hellip;<\/p>\n","protected":false},"author":4,"featured_media":114934,"comment_status":"closed","ping_status":"closed","sticky":false,"template":"","format":"standard","meta":{"footnotes":""},"categories":[37],"tags":[],"class_list":["post-114958","post","type-post","status-publish","format-standard","has-post-thumbnail","","category-politike"],"_links":{"self":[{"href":"https:\/\/rdnews.al\/index.php\/wp-json\/wp\/v2\/posts\/114958","targetHints":{"allow":["GET"]}}],"collection":[{"href":"https:\/\/rdnews.al\/index.php\/wp-json\/wp\/v2\/posts"}],"about":[{"href":"https:\/\/rdnews.al\/index.php\/wp-json\/wp\/v2\/types\/post"}],"author":[{"embeddable":true,"href":"https:\/\/rdnews.al\/index.php\/wp-json\/wp\/v2\/users\/4"}],"replies":[{"embeddable":true,"href":"https:\/\/rdnews.al\/index.php\/wp-json\/wp\/v2\/comments?post=114958"}],"version-history":[{"count":1,"href":"https:\/\/rdnews.al\/index.php\/wp-json\/wp\/v2\/posts\/114958\/revisions"}],"predecessor-version":[{"id":114959,"href":"https:\/\/rdnews.al\/index.php\/wp-json\/wp\/v2\/posts\/114958\/revisions\/114959"}],"wp:featuredmedia":[{"embeddable":true,"href":"https:\/\/rdnews.al\/index.php\/wp-json\/wp\/v2\/media\/114934"}],"wp:attachment":[{"href":"https:\/\/rdnews.al\/index.php\/wp-json\/wp\/v2\/media?parent=114958"}],"wp:term":[{"taxonomy":"category","embeddable":true,"href":"https:\/\/rdnews.al\/index.php\/wp-json\/wp\/v2\/categories?post=114958"},{"taxonomy":"post_tag","embeddable":true,"href":"https:\/\/rdnews.al\/index.php\/wp-json\/wp\/v2\/tags?post=114958"}],"curies":[{"name":"wp","href":"https:\/\/api.w.org\/{rel}","templated":true}]}}