{"id":114977,"date":"2025-05-26T17:12:24","date_gmt":"2025-05-26T17:12:24","guid":{"rendered":"https:\/\/rdnews.al\/?p=114977"},"modified":"2025-05-26T17:12:24","modified_gmt":"2025-05-26T17:12:24","slug":"shuplake-madheshtore-ne-hanoi","status":"publish","type":"post","link":"https:\/\/rdnews.al\/index.php\/2025\/05\/26\/shuplake-madheshtore-ne-hanoi\/","title":{"rendered":"Shuplak\u00eb madh\u00ebshtore n\u00eb Hanoi"},"content":{"rendered":"<p><strong>Nga Lutfi DERVISHI<\/strong><\/p>\n<p>\u00cbsht\u00eb goditur, LIVE, me shpulle Presidenti i Franc\u00ebs, n\u00eb sy t\u00eb bot\u00ebs dhe deri tani, asnj\u00eb reagim nga shoqatat kund\u00ebr dhun\u00ebs n\u00eb familje! Heshtje m\u00eb e thell\u00eb se ajo e Macron pas goditjes!<\/p>\n<p>T\u00eb pakt\u00ebn n\u00eb dark\u00eb, ekspert\u00ebt t\u00eb na qart\u00ebsojn\u00eb me burimet e tyre t\u00eb pashtershme:<\/p>\n<p>-U godit me t\u00eb majt\u00ebn apo me t\u00eb djatht\u00ebn?<\/p>\n<p>-A ishte shuplak\u00eb me motiv pasionin, politik\u00ebn, apo&#8230;?<\/p>\n<p>-\u00cbsht\u00eb dhun\u00eb n\u00eb familje apo goditje p\u00ebr shkak t\u00eb detyr\u00ebs?<\/p>\n<p>-K\u00ebshtu i rrihte nx\u00ebn\u00ebsit Brigitte kur ishte m\u00ebsuese?<\/p>\n<p>-U mjaftua vet\u00ebm me shpull\u00ebn, apo i ka drejtuar dhe fjal\u00eb bullizuese?<\/p>\n<p>-Mos vall\u00eb shuplaka ishte simbolike? Me fitoren e 5-\u00ebs n\u00eb Shqip\u00ebri?<\/p>\n<p>-Kamera q\u00eb e ka fiksuar momentin \u00ebsht\u00eb e Associated Press? Nj\u00eb komplot Trump-Putin?<\/p>\n<p>&#8211; Mos vall\u00eb Macron ka ngacmuar n\u00eb sy t\u00eb Brigitte ndonj\u00eb stuardes\u00eb?<\/p>\n<p>&#8211; A \u00ebsht\u00eb dh\u00ebn\u00eb urdh\u00ebr mbrojtje p\u00ebr Macron?<\/p>\n<p>-A ka hyr\u00eb n\u00eb loj\u00eb SPAK-u?<\/p>\n<p>\u00c7far\u00eb rrezikon Zonja e Par\u00eb?<\/p>\n<p>-Arrest sht\u00ebpie?<\/p>\n<p>-P\u00ebrjashtim nga parada e 14 Korrikut?<\/p>\n<p>Apo m\u00eb keq: ndalim p\u00ebr t\u00eb folur p\u00ebr media shqiptare?<\/p>\n<p>N\u00ebse ky akt nuk d\u00ebnohet ka rrezik t\u00eb madh p\u00ebr p\u00ebrhapje t\u00eb dhun\u00ebs n\u00eb nivele m\u00eb t\u00eb ulta.<\/p>\n<p>N\u00eb Kanun krimi i pafalsh\u00ebm \u00ebsht\u00eb &#8220;me shty sho &#8211; shoqin faqe burrash&#8221;<\/p>\n<p>Macron u tregua burr\u00eb, as derdhi lot dhe as i ktheu dor\u00ebn.<\/p>\n<p>Nj\u00eb burr\u00eb q\u00eb rrihet n\u00eb publik, nuk flet m\u00eb me fjal\u00eb, por me heshtje. \u00cbsht\u00eb heshtja q\u00eb nuk ka nevoj\u00eb p\u00ebr p\u00ebrkthim. \u00cbsht\u00eb heshtja q\u00eb zgjat m\u00eb shum\u00eb se nj\u00eb samit&#8230;<\/p>\n","protected":false},"excerpt":{"rendered":"<p>Nga Lutfi DERVISHI \u00cbsht\u00eb goditur, LIVE, me shpulle Presidenti i Franc\u00ebs, n\u00eb sy t\u00eb bot\u00ebs dhe deri tani, asnj\u00eb reagim nga shoqatat kund\u00ebr dhun\u00ebs n\u00eb familje! Heshtje m\u00eb e thell\u00eb se ajo e Macron pas goditjes! T\u00eb pakt\u00ebn n\u00eb dark\u00eb, ekspert\u00ebt t\u00eb na qart\u00ebsojn\u00eb me burimet e tyre t\u00eb pashtershme: -U godit me t\u00eb majt\u00ebn &hellip;<\/p>\n","protected":false},"author":4,"featured_media":114978,"comment_status":"closed","ping_status":"closed","sticky":false,"template":"","format":"standard","meta":{"footnotes":""},"categories":[44],"tags":[],"class_list":["post-114977","post","type-post","status-publish","format-standard","has-post-thumbnail","","category-editorial"],"_links":{"self":[{"href":"https:\/\/rdnews.al\/index.php\/wp-json\/wp\/v2\/posts\/114977","targetHints":{"allow":["GET"]}}],"collection":[{"href":"https:\/\/rdnews.al\/index.php\/wp-json\/wp\/v2\/posts"}],"about":[{"href":"https:\/\/rdnews.al\/index.php\/wp-json\/wp\/v2\/types\/post"}],"author":[{"embeddable":true,"href":"https:\/\/rdnews.al\/index.php\/wp-json\/wp\/v2\/users\/4"}],"replies":[{"embeddable":true,"href":"https:\/\/rdnews.al\/index.php\/wp-json\/wp\/v2\/comments?post=114977"}],"version-history":[{"count":1,"href":"https:\/\/rdnews.al\/index.php\/wp-json\/wp\/v2\/posts\/114977\/revisions"}],"predecessor-version":[{"id":114979,"href":"https:\/\/rdnews.al\/index.php\/wp-json\/wp\/v2\/posts\/114977\/revisions\/114979"}],"wp:featuredmedia":[{"embeddable":true,"href":"https:\/\/rdnews.al\/index.php\/wp-json\/wp\/v2\/media\/114978"}],"wp:attachment":[{"href":"https:\/\/rdnews.al\/index.php\/wp-json\/wp\/v2\/media?parent=114977"}],"wp:term":[{"taxonomy":"category","embeddable":true,"href":"https:\/\/rdnews.al\/index.php\/wp-json\/wp\/v2\/categories?post=114977"},{"taxonomy":"post_tag","embeddable":true,"href":"https:\/\/rdnews.al\/index.php\/wp-json\/wp\/v2\/tags?post=114977"}],"curies":[{"name":"wp","href":"https:\/\/api.w.org\/{rel}","templated":true}]}}