{"id":114980,"date":"2025-05-26T18:15:37","date_gmt":"2025-05-26T18:15:37","guid":{"rendered":"https:\/\/rdnews.al\/?p=114980"},"modified":"2025-05-26T18:15:37","modified_gmt":"2025-05-26T18:15:37","slug":"plani-meloni-rama-si-be-po-e-kthen-ballkanin-ne-kosh-mbeturinash-reagimi-i-human-rights-watch","status":"publish","type":"post","link":"https:\/\/rdnews.al\/index.php\/2025\/05\/26\/plani-meloni-rama-si-be-po-e-kthen-ballkanin-ne-kosh-mbeturinash-reagimi-i-human-rights-watch\/","title":{"rendered":"Plani Meloni-Rama\/ Si BE po e kthen Ballkanin n\u00eb \u201ckosh mbeturinash\u201d, reagimi i Human Rights Watch"},"content":{"rendered":"<p>Para se refugjati maroken Hamid Badoui t\u00eb vet\u00ebvritej n\u00eb burgun e Torinos, kishte marr\u00eb lajmin se duhej t\u00eb rikthehej n\u00eb izolimin e Gjadrit n\u00eb Lezh\u00eb, aty ku prej disa jav\u00ebsh q\u00ebndrojn\u00eb t\u00eb burgosur dhjet\u00ebra refugjat\u00eb me rekorde kriminale.<\/p>\n<p>Koha q\u00eb Hamid Badoui kishte kaluar n\u00eb kampin e Gjadrit i kishte mjaftuar p\u00ebr t\u2019i b\u00ebr\u00eb vetes nj\u00eb betim, se nuk do t\u00eb kthehej kurr\u00eb m\u00eb n\u00eb at\u00eb vend, madje nj\u00eb moment i ishte rr\u00ebfyer avokatit t\u00eb tij duke ia th\u00ebn\u00eb qart\u00eb dhe shkoqur: \u201cBurgu \u00ebsht\u00eb m\u00eb i mir\u00eb se CPR-ja n\u00eb Gjad\u00ebr, un\u00eb nuk kthehem m\u00eb n\u00eb Shqip\u00ebri.\u201d<\/p>\n<p>Por kushtet \u00e7njer\u00ebzore n\u00ebn t\u00eb cilat detyrohen t\u00eb mbijetojn\u00eb refugjat\u00ebt afrikan\u00eb n\u00eb vendin ton\u00eb kan\u00eb dh\u00ebn\u00eb rezultate t\u00eb p\u00eblqyeshme p\u00ebr qeverin\u00eb italiane, madje edhe lajmi p\u00ebr vet\u00ebvrasjen e nj\u00eb refugjati q\u00eb refuzon t\u00eb kthehet n\u00eb Shqip\u00ebri, paradoksalisht \u00ebsht\u00eb marketing i mir\u00eb p\u00ebr masat kund\u00ebr emigracionit q\u00eb ka nd\u00ebrmarr\u00eb Italia.<\/p>\n<p>Nga \u201cpalazzo Chigi\u201d, Xhorxhia Meloni sheh se si lajme t\u00eb tilla e frenojn\u00eb akoma m\u00eb tej val\u00ebn e emigrant\u00ebve nga Afrika. Kur llogarisin se mund t\u00eb p\u00ebrfundojn\u00eb n\u00eb nj\u00eb vend t\u00eb humbur t\u00eb Shqip\u00ebris\u00eb, t\u00eb izoluar nga rrjetat e larta t\u00eb hekurit, n\u00ebn mbikqyrjen e xhandar\u00ebve italian\u00eb, pa avokat\u00eb, larg syrit t\u00eb organizatave nd\u00ebrkomb\u00ebtare dhe pa gazetar\u00eb t\u00eb v\u00ebm\u00ebndshme ndaj historive t\u00eb tyre t\u00eb dhimbjes, refugjat\u00ebt stepen.<\/p>\n<p>Ky \u201csukses\u201d politik i Melonit, q\u00eb shkel me t\u00eb dyja k\u00ebmb\u00ebt t\u00eb drejtat e njeriut, por funksionon, sepse i rrallon varkat me refugjat\u00eb n\u00eb Mesdhe, ka ngjallur zili tek shtetar\u00ebt e vendeve t\u00eb tjera europiane, q\u00eb k\u00ebrkojn\u00eb rezultate dhe mezi presin t\u00eb gjejn\u00eb nj\u00eb vend ballkanik q\u00eb t\u2019i doj\u00eb, aq sa e do Rama Melonin.<\/p>\n<p>Me zgjidhjen e tyre kontroverse, \u00e7ifti Rama-Meloni ka marr\u00eb v\u00ebm\u00ebndjen e disa kryeministrave t\u00eb Bashkimit Europian q\u00eb jan\u00eb n\u00ebn presion p\u00ebr masa konkrete kund\u00ebr emigracionit, por i nj\u00ebjti \u00e7ift \u00ebsht\u00eb kthyer n\u00eb sh\u00ebnjest\u00ebr t\u00eb organizatave nd\u00ebrkomb\u00ebtare p\u00ebr mbrojtjen e t\u00eb drejtave t\u00eb njeriut, q\u00eb po ngren\u00eb alarmin se modeli \u201cShqip\u00ebria\u201d mund t\u00eb p\u00ebrhapet n\u00eb t\u00eb gjith\u00eb Ballkanin.<\/p>\n<p><strong>Alarmi i Human Rights Watch<\/strong><\/p>\n<p>Nj\u00eb raport i fundit i Human Rights Watch e v\u00eb gishtin mbi nj\u00eb skenar t\u00eb dyshimt\u00eb q\u00eb rrezikon t\u00eb zgjerohet n\u00eb Ballkan: ngritja e qendrave prit\u00ebse p\u00ebr kthimin e azilk\u00ebrkuesve t\u00eb refuzuar nga vendet per\u00ebndimore n\u00eb vende si Bosnja, Serbia dhe Shqip\u00ebria.<\/p>\n<p>N\u00eb nj\u00eb deklarat\u00eb zyrtare, Human Rights Watch i ka b\u00ebr\u00eb thirrje qeverive europiane t\u00eb rishqyrtojn\u00eb \u00e7do plan p\u00ebr t\u00eb d\u00ebrguar emigrant\u00eb n\u00eb Bosnje dhe Hercegovin\u00eb, duke ngritur alarmin p\u00ebr shkeljet e t\u00eb drejtave t\u00eb njeriut q\u00eb jan\u00eb evidentuar n\u00eb qendrat e ndalimit atje.<\/p>\n<p>\u201cNdalimi i zgjatur i migrant\u00ebve pa garanci t\u00eb mjaftueshme i v\u00eb njer\u00ebzit n\u00eb rrezik shkeljesh t\u00eb t\u00eb drejtave,\u201d deklaron Hugh Williamson, drejtor p\u00ebr Evrop\u00ebn dhe Azin\u00eb Qendrore n\u00eb Human Rights Watch.<\/p>\n<p>\u201cShtimi i k\u00ebrkuesve t\u00eb refuzuar t\u00eb azilit nga Britania e Madhe apo ndoshta edhe nga Bashkimi Europian, n\u00eb sistemin tashm\u00eb problematik t\u00eb ndalimit n\u00eb Bosnj\u00eb vet\u00ebm do t\u00eb p\u00ebrkeq\u00ebsonte problemet ekzistuese dhe do t\u00eb r\u00ebndonte abuzimet.\u201d<\/p>\n<p>N\u00eb prill t\u00eb k\u00ebtij viti, Human Rights Watch kaloi dy jav\u00eb n\u00eb Bosnje p\u00ebr t\u00eb hetuar situat\u00ebn e migrant\u00ebve. N\u00eb qendr\u00ebn e ndalimit n\u00eb Lukavic\u00eb, pran\u00eb Sarajev\u00ebs, organizata v\u00ebrejti nj\u00eb s\u00ebr\u00eb problemesh: vonesa t\u00eb gjata n\u00eb p\u00ebrpunimin e kthimeve, kufizim i qasjes n\u00eb ndihm\u00eb ligjore, munges\u00eb transparence dhe asnj\u00eb form\u00eb mb\u00ebshtetjeje psikologjike p\u00ebr t\u00eb ndaluarit.<\/p>\n<p>Nj\u00eb nga pikat m\u00eb t\u00eb r\u00ebnda \u00ebsht\u00eb mungesa e transparenc\u00ebs p\u00ebr t\u00eb akuzuarit p\u00ebr k\u00ebrc\u00ebnim ndaj siguris\u00eb komb\u00ebtare. Nj\u00eb avokat i Vasa Prava BiH u shpreh se \u201cSistemi \u00ebsht\u00eb i mbyllur dhe nuk na jep lloj t\u00eb till\u00eb informacioni p\u00ebr akuzat apo detajet private \u2013 as neve dhe as klientit. Edhe kur i marrim vesh disa detaje, nuk mund t\u2019i p\u00ebrdorim. Informacioni baz\u00eb p\u00ebr arsyen pse nj\u00eb person konsiderohet k\u00ebrc\u00ebnim p\u00ebr sigurin\u00eb komb\u00ebtare duhet t\u2019i b\u00ebhet i ditur atij.\u201d<\/p>\n<p><strong>Ballkani, si magazin\u00eb njer\u00ebzore larg Europ\u00ebs<\/strong><\/p>\n<p>Bosnja nuk \u00ebsht\u00eb i vetmi vend q\u00eb po negocion me Britanin\u00eb e Madhe. Presidentja e Kosov\u00ebs, Vjosa Osmani nuk e p\u00ebrjashtoi mund\u00ebsin\u00eb e ngritjes s\u00eb qendrave p\u00ebr emigrant\u00ebt n\u00eb vendin e saj, nd\u00ebrsa Gjermania ka shprehur miratimin p\u00ebr eksportimin e refugjat\u00ebve sipas t\u00eb nj\u00ebjtit model n\u00eb Maqedonin\u00eb e Veriut.<\/p>\n<p>Modeli \u201cShqip\u00ebria\u201d mund t\u00eb ndiqet jo vet\u00ebm n\u00eb Europ\u00eb, por edhe n\u00eb Shtetet e Bashkuara t\u00eb Amerik\u00ebs q\u00eb kan\u00eb nisur diskutime me Libin\u00eb dhe vende t\u00eb tjera n\u00eb Afrik\u00eb, Amerik\u00ebn Latine dhe Evrop\u00ebn Lindore p\u00ebr t\u00eb identifikuar destinacione alternative p\u00ebr t\u00eb rivendosur emigrant\u00ebt q\u00eb jan\u00eb d\u00ebbuar nga territori i SHBA-s\u00eb, por q\u00eb nuk mund t\u00eb kthehen drejtp\u00ebrdrejt n\u00eb vendet e tyre t\u00eb origjin\u00ebs.<\/p>\n<p>\u201cWall Street Journal\u201d citoi burime nga administrata amerikane, sipas t\u00eb cilave vendet e kontaktuara p\u00ebrfshijn\u00eb edhe Libin\u00eb, Ruand\u00ebn, Beninin, Eswatinin, Moldavin\u00eb, Mongolin\u00eb dhe Kosov\u00ebn.<\/p>\n<p>K\u00ebshtu pra, vendet per\u00ebndimore i kan\u00eb tejkaluar dyshimet dhe po e k\u00ebrkojn\u00eb me ngulm projektin q\u00eb u gatua n\u00eb Vlor\u00eb, kur Rama joshi Melonin me disa dit\u00eb pushime n\u00eb jug t\u00eb Shqip\u00ebris\u00eb bashk\u00eb me familjen, por nd\u00ebrkoh\u00eb, me sa u kuptua m\u00eb von\u00eb, t\u00eb dy kishin punuar bashk\u00eb p\u00ebr nj\u00eb plan q\u00eb e eksporton problemin e refugjat\u00ebve n\u00eb nj\u00eb zon\u00eb t\u00eb paq\u00ebndrueshme si Ballkani.<\/p>\n<p>Vet\u00ebm se sipas k\u00ebtij projekti, vendet e Ballkanit Per\u00ebndimor marrin trajtat e nj\u00eb magazin\u00eb njer\u00ebzore, t\u00eb njer\u00ebzve t\u00eb cil\u00ebt nuk meritojn\u00eb t\u00eb trajtohen sipas t\u00eb gjitha ligjeve q\u00eb respektojn\u00eb t\u00eb drejtat e njeriut. N\u00eb vend t\u00eb k\u00ebsaj, ata transportohen n\u00eb vendet Ballkanike ku mund t\u00eb burgosesh pa gjyq, t\u00eb keqtrajtohesh dhe t\u00eb izolohesh n\u00eb nj\u00eb vend t\u00eb humbur, ku askush nuk do t\u00eb shqet\u00ebsohet dhe ky i jep gadishullit imazhin e nj\u00eb rajoni akoma m\u00eb larg standarteve dhe bot\u00ebkuptimit evropian.<\/p>\n<p>N\u00eb nj\u00eb deklarat\u00eb pas vdekjes s\u00eb refugjatit, Hamid Badoui, Amnesty International Italia shprehej se \u201cmodeli Meloni sjell vuajtje dhe vdekje\u201d duke iu referuar kushteve degraduese n\u00eb Gjad\u00ebr, pa qasje n\u00eb kujdesin e duhur, n\u00eb nj\u00eb klim\u00eb braktisjeje t\u00eb vazhdueshme dhe munges\u00eb informacioni.<\/p>\n<p>\u201cVdekja e Hamid Badoui \u00ebsht\u00eb pasoj\u00eb e drejtp\u00ebrdrejt\u00eb e nj\u00eb sistemi politik q\u00eb p\u00ebrdor frik\u00ebn dhe shtr\u00ebngimin si mjete p\u00ebr (mos)menaxhimin e l\u00ebvizshm\u00ebris\u00eb njer\u00ebzore\u201d \u2013 thuhej n\u00eb deklarat\u00ebn e Amnesty International q\u00eb p\u00ebr momentin ka r\u00ebn\u00eb n\u00eb vesh t\u00eb shurdh\u00ebr, pasi politikan\u00ebt e vendeve per\u00ebndimore jan\u00eb n\u00eb k\u00ebrkim t\u00eb territoreve t\u00eb tjera Ballkanike p\u00ebr t\u00eb nd\u00ebrtuar burgje t\u00eb reja p\u00ebr emigrant\u00ebt.\/\u00a0<a href=\"https:\/\/lapsi.al\/2025\/05\/26\/plani-meloni-rama-si-po-e-kthen-ballkanin-ne-kosh-mbeturinash-te-be\/\" target=\"_blank\" rel=\"noopener\">Lapsi.al<\/a><\/p>\n","protected":false},"excerpt":{"rendered":"<p>Para se refugjati maroken Hamid Badoui t\u00eb vet\u00ebvritej n\u00eb burgun e Torinos, kishte marr\u00eb lajmin se duhej t\u00eb rikthehej n\u00eb izolimin e Gjadrit n\u00eb Lezh\u00eb, aty ku prej disa jav\u00ebsh q\u00ebndrojn\u00eb t\u00eb burgosur dhjet\u00ebra refugjat\u00eb me rekorde kriminale. Koha q\u00eb Hamid Badoui kishte kaluar n\u00eb kampin e Gjadrit i kishte mjaftuar p\u00ebr t\u2019i b\u00ebr\u00eb vetes &hellip;<\/p>\n","protected":false},"author":4,"featured_media":114981,"comment_status":"closed","ping_status":"closed","sticky":false,"template":"","format":"standard","meta":{"footnotes":""},"categories":[37],"tags":[],"class_list":["post-114980","post","type-post","status-publish","format-standard","has-post-thumbnail","","category-politike"],"_links":{"self":[{"href":"https:\/\/rdnews.al\/index.php\/wp-json\/wp\/v2\/posts\/114980","targetHints":{"allow":["GET"]}}],"collection":[{"href":"https:\/\/rdnews.al\/index.php\/wp-json\/wp\/v2\/posts"}],"about":[{"href":"https:\/\/rdnews.al\/index.php\/wp-json\/wp\/v2\/types\/post"}],"author":[{"embeddable":true,"href":"https:\/\/rdnews.al\/index.php\/wp-json\/wp\/v2\/users\/4"}],"replies":[{"embeddable":true,"href":"https:\/\/rdnews.al\/index.php\/wp-json\/wp\/v2\/comments?post=114980"}],"version-history":[{"count":1,"href":"https:\/\/rdnews.al\/index.php\/wp-json\/wp\/v2\/posts\/114980\/revisions"}],"predecessor-version":[{"id":114982,"href":"https:\/\/rdnews.al\/index.php\/wp-json\/wp\/v2\/posts\/114980\/revisions\/114982"}],"wp:featuredmedia":[{"embeddable":true,"href":"https:\/\/rdnews.al\/index.php\/wp-json\/wp\/v2\/media\/114981"}],"wp:attachment":[{"href":"https:\/\/rdnews.al\/index.php\/wp-json\/wp\/v2\/media?parent=114980"}],"wp:term":[{"taxonomy":"category","embeddable":true,"href":"https:\/\/rdnews.al\/index.php\/wp-json\/wp\/v2\/categories?post=114980"},{"taxonomy":"post_tag","embeddable":true,"href":"https:\/\/rdnews.al\/index.php\/wp-json\/wp\/v2\/tags?post=114980"}],"curies":[{"name":"wp","href":"https:\/\/api.w.org\/{rel}","templated":true}]}}