{"id":115000,"date":"2025-05-26T21:44:37","date_gmt":"2025-05-26T21:44:37","guid":{"rendered":"https:\/\/rdnews.al\/?p=115000"},"modified":"2025-05-26T21:45:25","modified_gmt":"2025-05-26T21:45:25","slug":"qeveria-ne-detyre-e-kurtit-e-gatshme-te-diskutoje-me-mbreterine-e-bashkuar-per-qendrat-per-migrante","status":"publish","type":"post","link":"https:\/\/rdnews.al\/index.php\/2025\/05\/26\/qeveria-ne-detyre-e-kurtit-e-gatshme-te-diskutoje-me-mbreterine-e-bashkuar-per-qendrat-per-migrante\/","title":{"rendered":"Qeveria n\u00eb detyr\u00eb e Kurtit, e gatshme t\u00eb diskutoj\u00eb me Mbret\u00ebrin\u00eb e Bashkuar p\u00ebr qendrat p\u00ebr migrant\u00eb"},"content":{"rendered":"<p>Qeveria n\u00eb detyr\u00eb e Kosov\u00ebs ka shprehur gatishm\u00ebri p\u00ebr t\u00eb diskutuar me Mbret\u00ebrin\u00eb e Bashkuar, lidhur me propozimin p\u00ebr ngritjen e \u201cqendrave t\u00eb kthimit\u201d n\u00eb Kosov\u00eb p\u00ebr azilk\u00ebrkuesit e refuzuar nga ishulli britanik.<\/p>\n<p>Kjo deklarat\u00eb vjen pas\u00a0<a class=\"wsw__a\" href=\"https:\/\/www.thetimes.com\/uk\/politics\/article\/uk-kosovo-migrant-return-hub-plan-lq62khsss\" target=\"_blank\" rel=\"noopener\"><strong>raportimeve<\/strong><\/a>\u00a0se Mbret\u00ebria e Bashkuar po e konsideron Kosov\u00ebn si nj\u00eb nga vendet e mundshme p\u00ebr strehimin e migrant\u00ebve q\u00eb kan\u00eb p\u00ebrfunduar procesin e apelimit p\u00ebr azil n\u00eb Mbret\u00ebrin\u00eb e Bashkuar.<\/p>\n<p>Z\u00ebdh\u00ebn\u00ebsi i Qeveris\u00eb s\u00eb Kosov\u00ebs, P\u00ebrparim Kryeziu, n\u00eb nj\u00eb deklarat\u00eb p\u00ebr Radion Evropa e Lir\u00eb, theksoi se \u201cd\u00ebshirojm\u00eb t\u00eb ndihmojm\u00eb Mbret\u00ebrin\u00eb e Bashkuar, mikun, partnerin dhe aleatin ton\u00eb, si dhe qeverin\u00eb e saj Laburiste\u201d.<\/p>\n<p>\u201cBesojm\u00eb se \u00ebsht\u00eb e drejt\u00eb t\u00eb themi se mund t\u00eb fillojm\u00eb diskutimet mbi k\u00ebt\u00eb tem\u00eb, por t\u00eb gjitha institucionet tona shtet\u00ebrore duhet t\u00eb p\u00ebrfshihen dhe m\u00eb pas vendimi do t\u00eb varet nga rekomandimet e tyre. Shum\u00eb pyetje do t\u00eb ken\u00eb nevoj\u00eb p\u00ebr p\u00ebrgjigje paraprakisht\u201d, tha Kryeziu.<\/p>\n<p>Propozimi p\u00ebr ngritjen e qendrave t\u00eb kthimit \u00ebsht\u00eb pjes\u00eb e nj\u00eb strategjie m\u00eb t\u00eb gjer\u00eb t\u00eb Mbret\u00ebris\u00eb s\u00eb Bashkuar p\u00ebr t\u00eb adresuar numrit n\u00eb rritje t\u00eb migrant\u00ebve q\u00eb mb\u00ebrrijn\u00eb n\u00eb ishullin anglez p\u00ebrmes rrug\u00ebve t\u00eb paligjshme.<\/p>\n<p>Sipas raportimeve nga gazeta britanike The Times, k\u00ebto qendra do t\u00eb sh\u00ebrbenin p\u00ebr t\u00eb strehuar azilk\u00ebrkuesit q\u00eb kan\u00eb p\u00ebrfunduar procesin e apelimit dhe jan\u00eb n\u00eb pritje t\u00eb deportimit.<\/p>\n<p>Megjithat\u00eb, organizata nd\u00ebrkomb\u00ebtare Human Rights Watch ka shprehur shqet\u00ebsimin se p\u00ebrdorimi i vendeve t\u00eb Ballkanit si vende prit\u00ebse p\u00ebr migrant\u00ebt mund t\u00eb shkel\u00eb t\u00eb drejtat e tyre dhe t\u00eb krijoj\u00eb sfida t\u00eb reja p\u00ebr vendet prit\u00ebse.<\/p>\n<div data-owner-ct=\"News\" data-inline=\"False\">\n<div class=\"media-block also-read\">\n<div class=\"media-block__content also-read__body also-read__body--h\">\n<h4 class=\"media-block__title media-block__title--size-3 also-read__text p-0\">HRW: BE-ja dhe Mbret\u00ebria e Bashkuar s\u2019duhet ta p\u00ebrdorin Ballkanin si magazin\u00eb p\u00ebr migrant\u00eb<\/h4>\n<\/div>\n<\/div>\n<\/div>\n<p>N\u00eb nj\u00eb deklarat\u00eb t\u00eb fundit, HRW-ja ka b\u00ebr\u00eb thirrje q\u00eb BE-ja dhe Mbret\u00ebria e Bashkuar t\u00eb ndalojn\u00eb s\u00eb p\u00ebrdoruri Ballkanin si nj\u00eb \u201cmagazin\u00eb p\u00ebr migrant\u00ebt\u201d.<\/p>\n<p>Shqip\u00ebria tashm\u00eb strehon qendra kthimi p\u00ebr migrant\u00ebt q\u00eb kthehen nga Italia, nd\u00ebrsa qeveria britanike ka zbuluar s\u00eb fundmi nj\u00eb pako investimesh prej gjasht\u00eb miliard\u00eb eurosh n\u00eb Maqedonin\u00eb e Veriut.<\/p>\n<p>Vet\u00eb BE-ja nd\u00ebrmori hapa n\u00eb mars p\u00ebr t\u2019i lejuar vendet an\u00ebtare t\u00eb p\u00ebrpunojn\u00eb k\u00ebrkesat e migrant\u00ebve jasht\u00eb kufijve t\u00eb bllokut me 27 vende.<\/p>\n<p>Nd\u00ebrsa, n\u00eb nj\u00eb marr\u00ebveshje t\u00eb ngjashme q\u00eb po ashtu kishte nxitur kritika, n\u00eb vitin 2022, Kosova dhe Danimarka u pajtuan p\u00ebr dh\u00ebnien me qira t\u00eb 300 qelive burgu n\u00eb Institucionin Korrektues n\u00eb Gjilan p\u00ebr t\u00eb strehuar t\u00eb burgosur t\u00eb huaj q\u00eb pritet t\u00eb d\u00ebbohen nga Danimarka pas p\u00ebrfundimit t\u00eb d\u00ebnimit.<\/p>\n<p>N\u00eb k\u00ebmbim, Kosova do t\u00eb p\u00ebrfitoj\u00eb mbi 200 milion\u00eb euro, t\u00eb cilat do t\u00eb investohen n\u00eb Sh\u00ebrbimin Korrektues dhe n\u00eb projekte t\u00eb energjis\u00eb s\u00eb rip\u00ebrt\u00ebritshme.<\/p>\n<p>Kjo marr\u00ebveshje kishte ngjallur reagime nga organizatat nd\u00ebrkomb\u00ebtare dhe shoq\u00ebria civile, t\u00eb cilat kan\u00eb shprehur shqet\u00ebsime p\u00ebr mund\u00ebsin\u00eb e shkeljes s\u00eb t\u00eb drejtave t\u00eb njeriut dhe p\u00ebr sfidat q\u00eb mund t\u00eb sjell\u00eb menaxhimi i t\u00eb burgosurve t\u00eb huaj n\u00eb Kosov\u00eb.<\/p>\n<p>Qendra Kosovare p\u00ebr Rehabilitimin e t\u00eb Mbijetuarve t\u00eb Tortur\u00ebs (QKRMT) ka shprehur shqet\u00ebsime p\u00ebr ndikimin q\u00eb kjo marr\u00ebveshje mund t\u00eb ket\u00eb edhe n\u00eb t\u00eb drejtat e t\u00eb burgosurve n\u00eb Kosov\u00eb.<\/p>\n<p>M\u00eb par\u00eb, Kosova kishte strehuar edhe rreth 1.900 shtetas afgan\u00eb, q\u00eb ishin evakuuar nga Afganistani pas rikthimit t\u00eb taliban\u00ebve n\u00eb pushtet n\u00eb vitin 2021.<\/p>\n<p>Pas dy vjet\u00ebsh funksionimi, kampi \u201cLiya\u201d n\u00eb baz\u00ebn ushtarake amerikane Bondsteel n\u00eb Ferizaj ishte mbyllur. Sipas Ministris\u00eb s\u00eb Pun\u00ebve t\u00eb Brendshme t\u00eb Kosov\u00ebs, pjesa m\u00eb e madhe e afgan\u00ebve ishin transferuar tashm\u00eb n\u00eb vendet prit\u00ebse, nd\u00ebrsa nj\u00eb num\u00ebr i vog\u00ebl mbetet ende n\u00eb Kosov\u00eb.<\/p>\n<p>Sipas marr\u00ebveshjes nd\u00ebrmjet Kosov\u00ebs dhe Shteteve t\u00eb Bashkuara, afgan\u00ebt do t\u00eb q\u00ebndronin n\u00eb Kosov\u00eb derisa do t\u00eb kalonin procesin e verifikimit p\u00ebr t\u2019u zhvendosur n\u00eb SHBA, ose n\u00eb ndonj\u00eb vend tjet\u00ebr per\u00ebndimor.<\/p>\n","protected":false},"excerpt":{"rendered":"<p>Qeveria n\u00eb detyr\u00eb e Kosov\u00ebs ka shprehur gatishm\u00ebri p\u00ebr t\u00eb diskutuar me Mbret\u00ebrin\u00eb e Bashkuar, lidhur me propozimin p\u00ebr ngritjen e \u201cqendrave t\u00eb kthimit\u201d n\u00eb Kosov\u00eb p\u00ebr azilk\u00ebrkuesit e refuzuar nga ishulli britanik. Kjo deklarat\u00eb vjen pas\u00a0raportimeve\u00a0se Mbret\u00ebria e Bashkuar po e konsideron Kosov\u00ebn si nj\u00eb nga vendet e mundshme p\u00ebr strehimin e migrant\u00ebve q\u00eb &hellip;<\/p>\n","protected":false},"author":3,"featured_media":115001,"comment_status":"closed","ping_status":"closed","sticky":false,"template":"","format":"standard","meta":{"footnotes":""},"categories":[38],"tags":[],"class_list":["post-115000","post","type-post","status-publish","format-standard","has-post-thumbnail","","category-bota"],"_links":{"self":[{"href":"https:\/\/rdnews.al\/index.php\/wp-json\/wp\/v2\/posts\/115000","targetHints":{"allow":["GET"]}}],"collection":[{"href":"https:\/\/rdnews.al\/index.php\/wp-json\/wp\/v2\/posts"}],"about":[{"href":"https:\/\/rdnews.al\/index.php\/wp-json\/wp\/v2\/types\/post"}],"author":[{"embeddable":true,"href":"https:\/\/rdnews.al\/index.php\/wp-json\/wp\/v2\/users\/3"}],"replies":[{"embeddable":true,"href":"https:\/\/rdnews.al\/index.php\/wp-json\/wp\/v2\/comments?post=115000"}],"version-history":[{"count":2,"href":"https:\/\/rdnews.al\/index.php\/wp-json\/wp\/v2\/posts\/115000\/revisions"}],"predecessor-version":[{"id":115003,"href":"https:\/\/rdnews.al\/index.php\/wp-json\/wp\/v2\/posts\/115000\/revisions\/115003"}],"wp:featuredmedia":[{"embeddable":true,"href":"https:\/\/rdnews.al\/index.php\/wp-json\/wp\/v2\/media\/115001"}],"wp:attachment":[{"href":"https:\/\/rdnews.al\/index.php\/wp-json\/wp\/v2\/media?parent=115000"}],"wp:term":[{"taxonomy":"category","embeddable":true,"href":"https:\/\/rdnews.al\/index.php\/wp-json\/wp\/v2\/categories?post=115000"},{"taxonomy":"post_tag","embeddable":true,"href":"https:\/\/rdnews.al\/index.php\/wp-json\/wp\/v2\/tags?post=115000"}],"curies":[{"name":"wp","href":"https:\/\/api.w.org\/{rel}","templated":true}]}}