{"id":115028,"date":"2025-05-27T08:42:09","date_gmt":"2025-05-27T08:42:09","guid":{"rendered":"https:\/\/rdnews.al\/?p=115028"},"modified":"2025-05-27T08:42:09","modified_gmt":"2025-05-27T08:42:09","slug":"nis-stervitja-shumekombeshe-defender-europe-2025","status":"publish","type":"post","link":"https:\/\/rdnews.al\/index.php\/2025\/05\/27\/nis-stervitja-shumekombeshe-defender-europe-2025\/","title":{"rendered":"Nis st\u00ebrvitja shum\u00ebkomb\u00ebshe \u201cDefender Europe 2025\u201d"},"content":{"rendered":"<p>Ka nisur zyrtarisht st\u00ebrvitja shum\u00ebkomb\u00ebshe \u201cDefender Europe \u201825\u201d, nj\u00eb nga ushtrimet ushtarake m\u00eb t\u00eb m\u00ebdha dhe m\u00eb komplekse t\u00eb dekad\u00ebs s\u00eb fundit n\u00eb Evrop\u00eb dhe Afrik\u00eb, n\u00ebn udh\u00ebheqjen e Komand\u00ebs Evropiane t\u00eb Shteteve t\u00eb Bashkuara (EUCOM), n\u00eb bashk\u00ebpunim t\u00eb ngusht\u00eb me vendet aleate dhe partnere t\u00eb NATO-s.<\/p>\n<p>N\u00eb or\u00ebt e para t\u00eb m\u00ebngjesit t\u00eb sot\u00ebm, trupat e Forc\u00ebs Tok\u00ebsore shqiptare u nis\u00ebn nga garnizoni i Zall-Herrit drejt Qendr\u00ebs s\u00eb St\u00ebrvitjes n\u00eb Biz\u00eb, duke sh\u00ebnuar k\u00ebshtu fillimin e angazhimit aktiv t\u00eb Shqip\u00ebris\u00eb n\u00eb k\u00ebt\u00eb st\u00ebrvitje nd\u00ebrkomb\u00ebtare.<\/p>\n<p>Shqip\u00ebria \u00ebsht\u00eb nj\u00eb nga vendet prit\u00ebse kryesore t\u00eb \u201cDefender Europe \u201825\u201d dhe luan nj\u00eb rol strategjik n\u00eb garantimin e zhvillimit t\u00eb suksessh\u00ebm t\u00eb operacioneve t\u00eb planifikuara.<\/p>\n<p>Q\u00ebllimi kryesor i k\u00ebtij ushtrimi \u00ebsht\u00eb rritja e nd\u00ebrveprimit mes forcave aleate, forcimi i gatishm\u00ebris\u00eb ushtarake dhe aft\u00ebsis\u00eb p\u00ebr t\u00eb reaguar me shpejt\u00ebsi ndaj \u00e7do k\u00ebrc\u00ebnimi t\u00eb mundsh\u00ebm n\u00eb hap\u00ebsir\u00ebn euroatlantike.<\/p>\n","protected":false},"excerpt":{"rendered":"<p>Ka nisur zyrtarisht st\u00ebrvitja shum\u00ebkomb\u00ebshe \u201cDefender Europe \u201825\u201d, nj\u00eb nga ushtrimet ushtarake m\u00eb t\u00eb m\u00ebdha dhe m\u00eb komplekse t\u00eb dekad\u00ebs s\u00eb fundit n\u00eb Evrop\u00eb dhe Afrik\u00eb, n\u00ebn udh\u00ebheqjen e Komand\u00ebs Evropiane t\u00eb Shteteve t\u00eb Bashkuara (EUCOM), n\u00eb bashk\u00ebpunim t\u00eb ngusht\u00eb me vendet aleate dhe partnere t\u00eb NATO-s. N\u00eb or\u00ebt e para t\u00eb m\u00ebngjesit t\u00eb sot\u00ebm, &hellip;<\/p>\n","protected":false},"author":4,"featured_media":115029,"comment_status":"closed","ping_status":"closed","sticky":false,"template":"","format":"standard","meta":{"footnotes":""},"categories":[37],"tags":[],"class_list":["post-115028","post","type-post","status-publish","format-standard","has-post-thumbnail","","category-politike"],"_links":{"self":[{"href":"https:\/\/rdnews.al\/index.php\/wp-json\/wp\/v2\/posts\/115028","targetHints":{"allow":["GET"]}}],"collection":[{"href":"https:\/\/rdnews.al\/index.php\/wp-json\/wp\/v2\/posts"}],"about":[{"href":"https:\/\/rdnews.al\/index.php\/wp-json\/wp\/v2\/types\/post"}],"author":[{"embeddable":true,"href":"https:\/\/rdnews.al\/index.php\/wp-json\/wp\/v2\/users\/4"}],"replies":[{"embeddable":true,"href":"https:\/\/rdnews.al\/index.php\/wp-json\/wp\/v2\/comments?post=115028"}],"version-history":[{"count":1,"href":"https:\/\/rdnews.al\/index.php\/wp-json\/wp\/v2\/posts\/115028\/revisions"}],"predecessor-version":[{"id":115030,"href":"https:\/\/rdnews.al\/index.php\/wp-json\/wp\/v2\/posts\/115028\/revisions\/115030"}],"wp:featuredmedia":[{"embeddable":true,"href":"https:\/\/rdnews.al\/index.php\/wp-json\/wp\/v2\/media\/115029"}],"wp:attachment":[{"href":"https:\/\/rdnews.al\/index.php\/wp-json\/wp\/v2\/media?parent=115028"}],"wp:term":[{"taxonomy":"category","embeddable":true,"href":"https:\/\/rdnews.al\/index.php\/wp-json\/wp\/v2\/categories?post=115028"},{"taxonomy":"post_tag","embeddable":true,"href":"https:\/\/rdnews.al\/index.php\/wp-json\/wp\/v2\/tags?post=115028"}],"curies":[{"name":"wp","href":"https:\/\/api.w.org\/{rel}","templated":true}]}}