{"id":115052,"date":"2025-05-27T10:39:11","date_gmt":"2025-05-27T10:39:11","guid":{"rendered":"https:\/\/rdnews.al\/?p=115052"},"modified":"2025-05-27T10:39:11","modified_gmt":"2025-05-27T10:39:11","slug":"berisha-denoncon-me-pamje-xhabaftet-terrorizuan-votuesit-per-votat-ne-vore-fytyra-e-vertete-e-ketyre-zgjedhjeve-ishte-krimi","status":"publish","type":"post","link":"https:\/\/rdnews.al\/index.php\/2025\/05\/27\/berisha-denoncon-me-pamje-xhabaftet-terrorizuan-votuesit-per-votat-ne-vore-fytyra-e-vertete-e-ketyre-zgjedhjeve-ishte-krimi\/","title":{"rendered":"Berisha denoncon me pamje: Xhabaft\u00ebt terrorizuan votuesit p\u00ebr votat n\u00eb Vor\u00eb! Fytyra e v\u00ebrtet\u00eb e k\u00ebtyre zgjedhjeve ishte krimi!"},"content":{"rendered":"<p>Kryetari i Partis\u00eb Demokratike, Sali Berisha, ka hedhur akuza t\u00eb forta gjat\u00eb nj\u00eb konference p\u00ebr shtyp, duke e cil\u00ebsuar procesin zgjedhor si t\u00eb manipuluar nga banda kriminale.<br \/>\nAi u shpreh se persona me akreditime false jan\u00eb futur n\u00eb qendrat e votimit n\u00eb Vor\u00eb, nd\u00ebrsa i cil\u00ebsoi ata si pjes\u00eb e nj\u00eb grupi t\u00eb organizuar, q\u00eb p\u00ebrfaq\u00ebson interesat e mazhoranc\u00ebs. Berisha p\u00ebrmendi me emra individ\u00eb q\u00eb, sipas tij, kan\u00eb qen\u00eb aktiv\u00eb n\u00eb veprimtari kriminale p\u00ebr llogari t\u00eb kandidat\u00ebve t\u00eb Partis\u00eb Socialiste.<br \/>\n\u201cK\u00ebtu do shihni fytyr\u00ebn e Blendi Gonxhes.<br \/>\nJa, ky Xhabafti, p\u00ebrfaq\u00ebsues i organizat\u00ebs&#8230;<br \/>\nXhabaft\u00ebt me akreditime false n\u00eb qendrat e votimit n\u00eb Vor\u00eb.<br \/>\nSe jan\u00eb nj\u00eb band\u00eb k\u00ebta, nja tre-kat\u00ebr jan\u00eb Xhabaft\u00eb, pastaj kan\u00eb t\u00eb tjer\u00ebt rreth tyre.<br \/>\nAlbana Vokshi po mbron qytetar\u00ebt nga nj\u00eb band\u00eb e rrezikshme.<br \/>\nA e pat\u00eb akreditimin atij?<br \/>\nTjet\u00ebr, banda e t\u00ebr\u00eb n\u00eb oborr.<br \/>\nT\u00eb gjitha, urdh\u00ebroni zgjedhjet&#8230;<br \/>\nGazetarja me guxim e demaskon, e nxjerr mashtrues, tregon se ai \u00ebsht\u00eb xhandar aty, xhandar i zgjedh\u00ebsve.<br \/>\nAi ka votuar, nuk ka lidhje me votimin, p\u00ebrve\u00e7se me policimin e votuesve.<br \/>\nBandat e armatosura kan\u00eb d\u00ebrguar Shyt\u00ebt n\u00eb af\u00ebrsi t\u00eb qendrave t\u00eb votimit n\u00eb Lushnje.<br \/>\nMercenar\u00eb t\u00eb marr\u00eb nga veriu apo nga Kosova, kush e merr vesh se \u00e7far\u00eb ishin, pasi kan\u00eb futur n\u00eb list\u00eb nj\u00eb vajz\u00eb q\u00eb \u00ebsht\u00eb e zgjedhura e tyre, pastaj kan\u00eb punuar p\u00ebr Ceno Klosin, Koreshin, Klodian Lahjen.<br \/>\nAktiv n\u00eb krim, Julian Sula apo Juliani i Pashakos, i njohur p\u00ebr krimet e tij.<br \/>\nPo k\u00ebshtu, Arben Qimja, Belinda Balluku e shpall n\u00eb k\u00ebrkim n\u00eb m\u00ebnyr\u00eb q\u00eb ta detyroj\u00eb kur t\u00eb ishte n\u00eb k\u00ebrkim t\u00eb punoj\u00eb p\u00ebr kandidat\u00ebt e PS.<br \/>\nRenato Salihi apo Renato \u00c7ami, ai punoi intensivisht p\u00ebr Ceno Klosin dhe Klodian Lahjen.<br \/>\nK\u00ebto ishin pra&#8230; sepse k\u00ebto jan\u00eb t\u00eb filmuara, kurse banda e Shyt\u00ebve, e armatosur n\u00eb af\u00ebrsi t\u00eb qendrave t\u00eb votimit duke terrorizuar votuesit.<br \/>\nFytyra e v\u00ebrtet\u00eb e k\u00ebtyre zgjedhjeve ishte krimi. Askush nuk mund ta fsheh\u00eb\u201d, tha Berisha.<\/p>\n","protected":false},"excerpt":{"rendered":"<p>Kryetari i Partis\u00eb Demokratike, Sali Berisha, ka hedhur akuza t\u00eb forta gjat\u00eb nj\u00eb konference p\u00ebr shtyp, duke e cil\u00ebsuar procesin zgjedhor si t\u00eb manipuluar nga banda kriminale. Ai u shpreh se persona me akreditime false jan\u00eb futur n\u00eb qendrat e votimit n\u00eb Vor\u00eb, nd\u00ebrsa i cil\u00ebsoi ata si pjes\u00eb e nj\u00eb grupi t\u00eb organizuar, q\u00eb &hellip;<\/p>\n","protected":false},"author":4,"featured_media":115053,"comment_status":"closed","ping_status":"closed","sticky":false,"template":"","format":"standard","meta":{"footnotes":""},"categories":[37],"tags":[],"class_list":["post-115052","post","type-post","status-publish","format-standard","has-post-thumbnail","","category-politike"],"_links":{"self":[{"href":"https:\/\/rdnews.al\/index.php\/wp-json\/wp\/v2\/posts\/115052","targetHints":{"allow":["GET"]}}],"collection":[{"href":"https:\/\/rdnews.al\/index.php\/wp-json\/wp\/v2\/posts"}],"about":[{"href":"https:\/\/rdnews.al\/index.php\/wp-json\/wp\/v2\/types\/post"}],"author":[{"embeddable":true,"href":"https:\/\/rdnews.al\/index.php\/wp-json\/wp\/v2\/users\/4"}],"replies":[{"embeddable":true,"href":"https:\/\/rdnews.al\/index.php\/wp-json\/wp\/v2\/comments?post=115052"}],"version-history":[{"count":1,"href":"https:\/\/rdnews.al\/index.php\/wp-json\/wp\/v2\/posts\/115052\/revisions"}],"predecessor-version":[{"id":115054,"href":"https:\/\/rdnews.al\/index.php\/wp-json\/wp\/v2\/posts\/115052\/revisions\/115054"}],"wp:featuredmedia":[{"embeddable":true,"href":"https:\/\/rdnews.al\/index.php\/wp-json\/wp\/v2\/media\/115053"}],"wp:attachment":[{"href":"https:\/\/rdnews.al\/index.php\/wp-json\/wp\/v2\/media?parent=115052"}],"wp:term":[{"taxonomy":"category","embeddable":true,"href":"https:\/\/rdnews.al\/index.php\/wp-json\/wp\/v2\/categories?post=115052"},{"taxonomy":"post_tag","embeddable":true,"href":"https:\/\/rdnews.al\/index.php\/wp-json\/wp\/v2\/tags?post=115052"}],"curies":[{"name":"wp","href":"https:\/\/api.w.org\/{rel}","templated":true}]}}