{"id":115069,"date":"2025-05-27T11:12:22","date_gmt":"2025-05-27T11:12:22","guid":{"rendered":"https:\/\/rdnews.al\/?p=115069"},"modified":"2025-05-27T11:12:22","modified_gmt":"2025-05-27T11:12:22","slug":"malltezi-i-drejtohet-gjykates-se-larte","status":"publish","type":"post","link":"https:\/\/rdnews.al\/index.php\/2025\/05\/27\/malltezi-i-drejtohet-gjykates-se-larte\/","title":{"rendered":"Malltezi i drejtohet Gjykat\u00ebs s\u00eb Lart\u00eb"},"content":{"rendered":"<p>Jamarb\u00ebr Malltezi i \u00ebsht\u00eb drejtuar s\u00ebrish Gjykat\u00ebs s\u00eb Lart\u00eb me rekurs p\u00ebr revokimin e mas\u00ebs s\u00eb siguris\u00eb arrest n\u00eb sht\u00ebpi.<\/p>\n<p>Pritet q\u00eb kjo gjykat\u00eb t\u00eb vendos\u00eb n\u00ebse do e shqyrtoj\u00eb k\u00ebrkes\u00ebn ose jo.<\/p>\n<p>Rekursi vjen pas vendimit t\u00eb GJKKO p\u00ebr kalimin n\u00eb gjykim t\u00eb dosjes \u201cPartizani\u201d, pik\u00eb q\u00eb p\u00ebrfshihet n\u00eb argumentet e mbrojtjes.<\/p>\n","protected":false},"excerpt":{"rendered":"<p>Jamarb\u00ebr Malltezi i \u00ebsht\u00eb drejtuar s\u00ebrish Gjykat\u00ebs s\u00eb Lart\u00eb me rekurs p\u00ebr revokimin e mas\u00ebs s\u00eb siguris\u00eb arrest n\u00eb sht\u00ebpi. Pritet q\u00eb kjo gjykat\u00eb t\u00eb vendos\u00eb n\u00ebse do e shqyrtoj\u00eb k\u00ebrkes\u00ebn ose jo. Rekursi vjen pas vendimit t\u00eb GJKKO p\u00ebr kalimin n\u00eb gjykim t\u00eb dosjes \u201cPartizani\u201d, pik\u00eb q\u00eb p\u00ebrfshihet n\u00eb argumentet e mbrojtjes.<\/p>\n","protected":false},"author":4,"featured_media":89048,"comment_status":"closed","ping_status":"closed","sticky":false,"template":"","format":"standard","meta":{"footnotes":""},"categories":[37],"tags":[],"class_list":["post-115069","post","type-post","status-publish","format-standard","has-post-thumbnail","","category-politike"],"_links":{"self":[{"href":"https:\/\/rdnews.al\/index.php\/wp-json\/wp\/v2\/posts\/115069","targetHints":{"allow":["GET"]}}],"collection":[{"href":"https:\/\/rdnews.al\/index.php\/wp-json\/wp\/v2\/posts"}],"about":[{"href":"https:\/\/rdnews.al\/index.php\/wp-json\/wp\/v2\/types\/post"}],"author":[{"embeddable":true,"href":"https:\/\/rdnews.al\/index.php\/wp-json\/wp\/v2\/users\/4"}],"replies":[{"embeddable":true,"href":"https:\/\/rdnews.al\/index.php\/wp-json\/wp\/v2\/comments?post=115069"}],"version-history":[{"count":1,"href":"https:\/\/rdnews.al\/index.php\/wp-json\/wp\/v2\/posts\/115069\/revisions"}],"predecessor-version":[{"id":115070,"href":"https:\/\/rdnews.al\/index.php\/wp-json\/wp\/v2\/posts\/115069\/revisions\/115070"}],"wp:featuredmedia":[{"embeddable":true,"href":"https:\/\/rdnews.al\/index.php\/wp-json\/wp\/v2\/media\/89048"}],"wp:attachment":[{"href":"https:\/\/rdnews.al\/index.php\/wp-json\/wp\/v2\/media?parent=115069"}],"wp:term":[{"taxonomy":"category","embeddable":true,"href":"https:\/\/rdnews.al\/index.php\/wp-json\/wp\/v2\/categories?post=115069"},{"taxonomy":"post_tag","embeddable":true,"href":"https:\/\/rdnews.al\/index.php\/wp-json\/wp\/v2\/tags?post=115069"}],"curies":[{"name":"wp","href":"https:\/\/api.w.org\/{rel}","templated":true}]}}