{"id":115118,"date":"2025-05-28T08:19:55","date_gmt":"2025-05-28T08:19:55","guid":{"rendered":"https:\/\/rdnews.al\/?p=115118"},"modified":"2025-05-28T08:55:03","modified_gmt":"2025-05-28T08:55:03","slug":"rames-nuk-ka-kush-ti-shkruaj","status":"publish","type":"post","link":"https:\/\/rdnews.al\/index.php\/2025\/05\/28\/rames-nuk-ka-kush-ti-shkruaj\/","title":{"rendered":"Ram\u00ebs nuk ka kush t\u2019i shkruaj"},"content":{"rendered":"<p><strong>Nga Lu\u00e7iano BO\u00c7I<\/strong><\/p>\n<p>Koloneli-personazh i Gabriel Garcia Markezit pret \u00e7do dit\u00eb nj\u00eb let\u00ebr q\u00eb nuk vjen kurr\u00eb \u2013 nj\u00eb premtim, nj\u00eb pension, nj\u00eb shenj\u00eb q\u00eb i tregon se ai nuk \u00ebsht\u00eb harruar.<\/p>\n<p>Por \u00e7do dit\u00eb q\u00eb kalon, heshtja b\u00ebhet m\u00eb e r\u00ebnd\u00eb se fjal\u00ebt. Dhe pas pak, koloneli kupton se nuk ka m\u00eb ask\u00ebnd q\u00eb t\u2019i shkruaj\u00eb.<\/p>\n<p>Sot, kjo fraz\u00eb ting\u00ebllon friksh\u00ebm aktuale n\u00eb politik\u00ebn shqiptare. Pas zgjedhjeve, nd\u00ebrsa ambasada e SHBA zgjodhi t\u00eb p\u00ebrsh\u00ebndes\u00eb vet\u00ebm popullin shqiptar, la jasht\u00eb urimit pik\u00ebrisht at\u00eb q\u00eb dikur ishte \u201ckoloneli\u201d i raporteve t\u00eb ngushta me nd\u00ebrkomb\u00ebtar\u00ebt: Edi Ram\u00ebn.<\/p>\n<p>N\u00eb vend t\u00eb nj\u00eb p\u00ebrg\u00ebzimi t\u00eb zakonsh\u00ebm p\u00ebr \u201csuksesin e procesit\u201d, kemi nj\u00eb deklarat\u00eb t\u00eb that\u00eb, pa p\u00ebrmendur emra, pa vler\u00ebsime p\u00ebr qeverin\u00eb, dhe mbi t\u00eb gjitha, pa vul\u00ebn e atij \u201cpartneriteti strategjik\u201d q\u00eb dikur p\u00ebrdorej si stoli.<\/p>\n<p>Nj\u00eb heshtje q\u00eb n\u00eb diplomaci \u00ebsht\u00eb gjith\u00e7ka, p\u00ebrve\u00e7se jo e rast\u00ebsishme.<\/p>\n<p>N\u00eb vend t\u00eb nj\u00eb urimi p\u00ebr \u201cfituesin\u201d tradicional, deklarata ishte nj\u00eb mesazh i that\u00eb, teknik, i adresuar qytetar\u00ebve &#8211; jo p\u00ebrfaq\u00ebsuesve t\u00eb tyre.<\/p>\n<p>Dhe n\u00eb nj\u00eb vend ku politika \u00ebsht\u00eb e etur p\u00ebr legjitimim nd\u00ebrkomb\u00ebtar, ky \u00ebsht\u00eb nj\u00eb sinjal i ftoht\u00eb dhe i qart\u00eb: ka di\u00e7ka t\u00eb madhe q\u00eb nuk shkon.<\/p>\n<p>Pra Kolonelit nuk ka kush t\u2019i shkruaj\u00eb m\u00eb. Sepse edhe diplomacia, sado e but\u00eb n\u00eb fjal\u00eb, ka m\u00ebnyrat e saj p\u00ebr t\u00eb t\u00ebrhequr v\u00ebmendjen.<\/p>\n<p>Dhe kur ajo zgjedh heshtjen n\u00eb vend t\u00eb urimit, do t\u00eb thot\u00eb q\u00eb di\u00e7ka \u00ebsht\u00eb konsumuar &#8211; qoft\u00eb besimi, qoft\u00eb kredibiliteti, qoft\u00eb durimi.<\/p>\n<p>Ky nuk \u00ebsht\u00eb m\u00eb ai Edi Rama i vitit 2013 q\u00eb pritej si \u201cshp\u00ebtimtar i reformave\u201d.<\/p>\n<p>Sot \u00ebsht\u00eb nj\u00eb kryeminist\u00ebr q\u00eb p\u00ebr her\u00eb t\u00eb par\u00eb pas zgjedhjeve nuk merr as let\u00ebr, as p\u00ebrg\u00ebzim, as ftes\u00eb p\u00ebr bashk\u00ebpunim. Dhe kjo heshtje \u00ebsht\u00eb m\u00eb trondit\u00ebse se \u00e7do kritik\u00eb.<\/p>\n<p>Shqip\u00ebria k\u00ebrkon t\u00eb ec\u00eb p\u00ebrpara, por pyetja q\u00eb lind \u00ebsht\u00eb: n\u00eb cilin drejtim po ec\u00ebn kur edhe ata q\u00eb dikur t\u00eb mb\u00ebshtet\u00ebn, sot nuk t\u00eb shkruajn\u00eb m\u00eb?<\/p>\n<p>Rama e ka marr\u00eb qart\u00eb mesazhin me heshtjen q\u00eb i shpon vesh\u00ebt e gjumin dhe i tronditi pushtetin e kalbur.<\/p>\n<p><img loading=\"lazy\" decoding=\"async\" class=\"alignnone size-medium wp-image-115120\" src=\"https:\/\/rdnews.al\/wp-content\/uploads\/2025\/05\/111-5-200x300.jpg\" alt=\"\" width=\"200\" height=\"300\" srcset=\"https:\/\/rdnews.al\/wp-content\/uploads\/2025\/05\/111-5-200x300.jpg 200w, https:\/\/rdnews.al\/wp-content\/uploads\/2025\/05\/111-5.jpg 526w\" sizes=\"auto, (max-width: 200px) 100vw, 200px\" \/><\/p>\n","protected":false},"excerpt":{"rendered":"<p>Nga Lu\u00e7iano BO\u00c7I Koloneli-personazh i Gabriel Garcia Markezit pret \u00e7do dit\u00eb nj\u00eb let\u00ebr q\u00eb nuk vjen kurr\u00eb \u2013 nj\u00eb premtim, nj\u00eb pension, nj\u00eb shenj\u00eb q\u00eb i tregon se ai nuk \u00ebsht\u00eb harruar. Por \u00e7do dit\u00eb q\u00eb kalon, heshtja b\u00ebhet m\u00eb e r\u00ebnd\u00eb se fjal\u00ebt. Dhe pas pak, koloneli kupton se nuk ka m\u00eb ask\u00ebnd q\u00eb &hellip;<\/p>\n","protected":false},"author":4,"featured_media":65900,"comment_status":"closed","ping_status":"closed","sticky":false,"template":"","format":"standard","meta":{"footnotes":""},"categories":[44],"tags":[],"class_list":["post-115118","post","type-post","status-publish","format-standard","has-post-thumbnail","","category-editorial"],"_links":{"self":[{"href":"https:\/\/rdnews.al\/index.php\/wp-json\/wp\/v2\/posts\/115118","targetHints":{"allow":["GET"]}}],"collection":[{"href":"https:\/\/rdnews.al\/index.php\/wp-json\/wp\/v2\/posts"}],"about":[{"href":"https:\/\/rdnews.al\/index.php\/wp-json\/wp\/v2\/types\/post"}],"author":[{"embeddable":true,"href":"https:\/\/rdnews.al\/index.php\/wp-json\/wp\/v2\/users\/4"}],"replies":[{"embeddable":true,"href":"https:\/\/rdnews.al\/index.php\/wp-json\/wp\/v2\/comments?post=115118"}],"version-history":[{"count":1,"href":"https:\/\/rdnews.al\/index.php\/wp-json\/wp\/v2\/posts\/115118\/revisions"}],"predecessor-version":[{"id":115121,"href":"https:\/\/rdnews.al\/index.php\/wp-json\/wp\/v2\/posts\/115118\/revisions\/115121"}],"wp:featuredmedia":[{"embeddable":true,"href":"https:\/\/rdnews.al\/index.php\/wp-json\/wp\/v2\/media\/65900"}],"wp:attachment":[{"href":"https:\/\/rdnews.al\/index.php\/wp-json\/wp\/v2\/media?parent=115118"}],"wp:term":[{"taxonomy":"category","embeddable":true,"href":"https:\/\/rdnews.al\/index.php\/wp-json\/wp\/v2\/categories?post=115118"},{"taxonomy":"post_tag","embeddable":true,"href":"https:\/\/rdnews.al\/index.php\/wp-json\/wp\/v2\/tags?post=115118"}],"curies":[{"name":"wp","href":"https:\/\/api.w.org\/{rel}","templated":true}]}}