{"id":115126,"date":"2025-05-28T08:33:24","date_gmt":"2025-05-28T08:33:24","guid":{"rendered":"https:\/\/rdnews.al\/?p=115126"},"modified":"2025-05-28T08:33:24","modified_gmt":"2025-05-28T08:33:24","slug":"arrestohet-ne-belgjike-nje-prej-anetareve-te-bandes-se-visit-te-pojes","status":"publish","type":"post","link":"https:\/\/rdnews.al\/index.php\/2025\/05\/28\/arrestohet-ne-belgjike-nje-prej-anetareve-te-bandes-se-visit-te-pojes\/","title":{"rendered":"Arrestohet n\u00eb Belgjik\u00eb nj\u00eb prej an\u00ebtar\u00ebve t\u00eb band\u00ebs s\u00eb \u201cVisit t\u00eb Poj\u00ebs\u201d"},"content":{"rendered":"<p>Jav\u00ebn e kaluar, autoritetet italiane n\u00eb bashk\u00ebpunim me SPAK, godit\u00ebn nj\u00eb organizat\u00eb kriminale me baz\u00eb n\u00eb Durr\u00ebs dhe n\u00eb Puglia, e cila trafikonte sasi t\u00eb m\u00ebdha t\u00eb kokain\u00ebs dhe heroin\u00ebs drejt Italis\u00eb dhe vendeve t\u00eb tjera t\u00eb Europ\u00ebs.<\/p>\n<p>N\u00eb krye t\u00eb grupit dyshohet se q\u00ebndronte Xhevdet Troplini, i njohur si \u201cPoja\u201d, edhe pse ndaj tij nuk ka asnj\u00eb mas\u00eb sigurie, ku duket se drejtimin e grupit vitet e fundit ia kishte l\u00ebn\u00eb nipit t\u00eb tij, Elvis Do\u00e7i, i njohur si \u201cVisi i Poj\u00ebs\u201d.<\/p>\n<p>N\u00eb total u l\u00ebshuan 52 masa sigurie, ku 40 prej tyre jan\u00eb p\u00ebr shtetas shqiptar\u00eb dhe 12 t\u00eb tjera p\u00ebr shtetas italian\u00eb, teksa disa prej tyre arrit\u00ebn t\u00eb arratiseshin, duke p\u00ebrfshir\u00eb edhe kreun e grupit Elvis Do\u00e7i.<\/p>\n<p>Por, nj\u00eb prej tyre \u00ebsht\u00eb arrestuar s\u00eb fundmi n\u00eb Belgjik\u00eb. N\u00eb kuad\u00ebr t\u00eb operacionit t\u00eb koduar \u201cUra\u201d \u00ebsht\u00eb v\u00ebn\u00eb n\u00eb pranga nga policia belge shtetasi\u00a0<strong style=\"font-style: inherit;\">Gertin Aliu<\/strong>, 44 vje\u00e7.<\/p>\n<p>Ai ishte shpallur n\u00eb k\u00ebrkim nd\u00ebrkomb\u00ebtar, pasi akuzohet r nga Prokuroria e Barit, p\u00ebr pjes\u00ebmarrje n\u00eb organizat\u00eb kriminale p\u00ebr trafikim t\u00eb l\u00ebnd\u00ebve narkotike.<\/p>\n<p><span style=\"font-weight: inherit;\">\u00a0\u201cProkuroria e Barit, n\u00eb vitin 2025, i ka caktuar mas\u00ebn e siguris\u00eb \u201cArrest n\u00eb burg\u201d, p\u00ebr vepr\u00ebn penale \u201cTrafikimi i l\u00ebnd\u00ebve narkotike\u201d, kryer n\u00eb kuadrin e organizat\u00ebs kriminale\u201d,<\/span>\u00a0njofton Policia.<\/p>\n","protected":false},"excerpt":{"rendered":"<p>Jav\u00ebn e kaluar, autoritetet italiane n\u00eb bashk\u00ebpunim me SPAK, godit\u00ebn nj\u00eb organizat\u00eb kriminale me baz\u00eb n\u00eb Durr\u00ebs dhe n\u00eb Puglia, e cila trafikonte sasi t\u00eb m\u00ebdha t\u00eb kokain\u00ebs dhe heroin\u00ebs drejt Italis\u00eb dhe vendeve t\u00eb tjera t\u00eb Europ\u00ebs. N\u00eb krye t\u00eb grupit dyshohet se q\u00ebndronte Xhevdet Troplini, i njohur si \u201cPoja\u201d, edhe pse ndaj tij &hellip;<\/p>\n","protected":false},"author":4,"featured_media":115127,"comment_status":"closed","ping_status":"closed","sticky":false,"template":"","format":"standard","meta":{"footnotes":""},"categories":[37],"tags":[],"class_list":["post-115126","post","type-post","status-publish","format-standard","has-post-thumbnail","","category-politike"],"_links":{"self":[{"href":"https:\/\/rdnews.al\/index.php\/wp-json\/wp\/v2\/posts\/115126","targetHints":{"allow":["GET"]}}],"collection":[{"href":"https:\/\/rdnews.al\/index.php\/wp-json\/wp\/v2\/posts"}],"about":[{"href":"https:\/\/rdnews.al\/index.php\/wp-json\/wp\/v2\/types\/post"}],"author":[{"embeddable":true,"href":"https:\/\/rdnews.al\/index.php\/wp-json\/wp\/v2\/users\/4"}],"replies":[{"embeddable":true,"href":"https:\/\/rdnews.al\/index.php\/wp-json\/wp\/v2\/comments?post=115126"}],"version-history":[{"count":1,"href":"https:\/\/rdnews.al\/index.php\/wp-json\/wp\/v2\/posts\/115126\/revisions"}],"predecessor-version":[{"id":115128,"href":"https:\/\/rdnews.al\/index.php\/wp-json\/wp\/v2\/posts\/115126\/revisions\/115128"}],"wp:featuredmedia":[{"embeddable":true,"href":"https:\/\/rdnews.al\/index.php\/wp-json\/wp\/v2\/media\/115127"}],"wp:attachment":[{"href":"https:\/\/rdnews.al\/index.php\/wp-json\/wp\/v2\/media?parent=115126"}],"wp:term":[{"taxonomy":"category","embeddable":true,"href":"https:\/\/rdnews.al\/index.php\/wp-json\/wp\/v2\/categories?post=115126"},{"taxonomy":"post_tag","embeddable":true,"href":"https:\/\/rdnews.al\/index.php\/wp-json\/wp\/v2\/tags?post=115126"}],"curies":[{"name":"wp","href":"https:\/\/api.w.org\/{rel}","templated":true}]}}