{"id":11513,"date":"2022-05-07T13:11:21","date_gmt":"2022-05-07T13:11:21","guid":{"rendered":"https:\/\/rdnews.al\/?p=11513"},"modified":"2022-05-07T18:59:59","modified_gmt":"2022-05-07T18:59:59","slug":"zeri-i-amerikes-keshilli-kombetar-i-pd-delegjitimon-alibeajn","status":"publish","type":"post","link":"https:\/\/rdnews.al\/index.php\/2022\/05\/07\/zeri-i-amerikes-keshilli-kombetar-i-pd-delegjitimon-alibeajn\/","title":{"rendered":"Z\u00ebri i Amerik\u00ebs: K\u00ebshilli Komb\u00ebtar i PD delegjitimon Alibeajn"},"content":{"rendered":"<p>N\u00eb Shqip\u00ebri, K\u00ebshilli Komb\u00ebtar i Partis\u00eb Demokratike vendosi t\u00eb premten q\u00eb n\u00eb procesin e diskutimeve p\u00ebr zgjedhjen e presidentit t\u00eb ri t\u00eb vendit, t\u00eb p\u00ebrfaq\u00ebsohet me nj\u00eb grup, q\u00eb do t\u00eb caktohet nga Komisioni i Rithemelimit, institucioni i krijuar nga ish kryeministri Sali Berisha dhe mb\u00ebshtet\u00ebsit e tij. Vendimi u mor n\u00eb mbledhjen e par\u00eb t\u00eb konstituimit t\u00eb K\u00ebshilllit, t\u00eb dal\u00eb nga Kuvendi i 30 prillit. Mbledhja u thirr me urgjenc\u00eb, pasi n\u00eb procesin e zgjedhjes s\u00eb kreut t\u00eb ri t\u00eb Shtetit, ishte p\u00ebrfshir\u00eb kryetari i grupit parlamentar, Enkelejd Alibeaj, t\u00eb cilin Kuvendi e shkarkoi dhe nuk e njeh si t\u00eb till\u00eb. \u201cMandatohet Komisioni i P\u00ebrkohsh\u00ebm i Rithemelimit t\u00eb Partis\u00eb Demokratike t\u00eb caktoj\u00eb p\u00ebrfaq\u00ebsuesit p\u00ebr gjetjen e nj\u00eb q\u00ebndrimi t\u00eb p\u00ebrbashk\u00ebt me partit\u00eb e tjera opozitare n\u00eb procesin e zgjedhjes s\u00eb Presidentit t\u00eb Republik\u00ebs n\u00eb Kuvendin e Shqip\u00ebris\u00eb\u201d, sakt\u00ebsohet n\u00eb rezolut\u00ebn e miratar nga K\u00ebshilli.<\/p>\n<p>Ish kryeministri dhe mb\u00ebshtet\u00ebsit e tij nuk kan\u00eb ende kontrollin e grupit parlamentar. 35 nga 52 deputet\u00ebt demokrat\u00eb refuzuan t\u00eb merrnin pjes\u00eb n\u00eb Kuvendin e 30 prillit, e po kaq nuk ishin as n\u00eb mbledhjen e sotme. Megjithat\u00eb, nj\u00eb dit\u00eb m\u00eb par\u00eb, edhe thirrjes s\u00eb zotit Alibeaj p\u00ebr mbledhje t\u00eb grupit p\u00ebr t\u00eb diskutuar mbi \u00e7\u00ebshtjen e presidentit, ju p\u00ebrgjigj\u00ebn vet\u00ebm 22 deputet\u00eb.<\/p>\n<p>Zoti Alibeaj ka mbrojtur pozicionin se PD nuk duhet t\u00eb q\u00ebndroj\u00eb jasht\u00eb procesit t\u00eb zgjedhjes s\u00eb presidentit t\u00eb ri t\u00eb vendit. Ai \u00ebsht\u00eb sulmuar nga pjesa tjet\u00ebr e PD-s\u00eb q\u00eb mb\u00ebshtet ish kryeministrin Berisha, duke e akuzuar se po b\u00ebn loj\u00ebn e shumic\u00ebs \u201ckundrejt ndonj\u00eb pazari t\u00eb ri\u201d. Si\u00e7 vihet n\u00eb dukje dhe n\u00eb rezolut\u00ebn e miratuar nga K\u00ebshilli, \u201cmazhoranca socialiste po p\u00ebrpiqet t\u00eb krijoj\u00eb nj\u00eb proces parlamentar fars\u00eb dhe politikisht steril, duke u p\u00ebrpjekur t\u2019i caktoj\u00eb ajo p\u00ebrfaq\u00ebsuesit e opozit\u00ebs n\u00eb procesin e zgjedhjes s\u00eb Presidentit. Me k\u00ebto p\u00ebrpjekje dhe konsultime pa p\u00ebrfaq\u00ebsuesit e mandatuar nga forcat politike, mazhoranca socialiste po p\u00ebrpiqet t\u00eb sajoj\u00eb nj\u00eb dukje konsensualiteti t\u00eb rrem\u00eb\u201d. Sipas PD-s\u00eb, do t\u00eb pranohej vet\u00ebm nj\u00eb proces n\u00eb t\u00eb cilin opozit\u00ebs i ofrohet propozimi i kandidat\u00ebve \u201cmbi kritere t\u00eb p\u00ebrcaktuara me konsensus\u201d.<\/p>\n<p>Socialist\u00ebt kan\u00eb deklaruar se bisedimet me opozit\u00ebn do t\u00eb zhvillohen vet\u00ebm n\u00eb nivel grupesh parlamentare. Por rezoluta e miratuar nga K\u00ebshilli e nxjerr jasht\u00eb loje grupin e vet parlamentar, n\u00eb nj\u00eb proces t\u00eb mundsh\u00ebm bisedimesh. \u201cGrupi parlamentar i Partis\u00eb Demokratike, n\u00eb p\u00ebrputhje me Statutin e Partis\u00eb Demokratike dhe nenin 4 t\u00eb Rregullores s\u00eb Grupit Parlamentar, siguron zbatimin e q\u00ebndrimit politik t\u00eb Partis\u00eb Demokratike t\u00eb p\u00ebrcaktuar n\u00eb k\u00ebt\u00eb rezolut\u00eb. \u00c7do q\u00ebndrim q\u00eb bie ndesh me k\u00ebt\u00eb rezolut\u00eb detyruese dhe tagrat p\u00ebrfaq\u00ebsuese politike t\u00eb rrjedhur nga vendimet e organeve p\u00ebrfaq\u00ebsuese t\u00eb Partis\u00eb Demokratike, nuk p\u00ebrfaq\u00ebsojn\u00eb Partin\u00eb Demokratike n\u00eb procesin e zgjedhjes s\u00eb Presidentit\u201d, sakt\u00ebson rezoluta.<\/p>\n<p>K\u00ebshilli Komb\u00ebtar zgjodhi n\u00eb mbr\u00ebmje dhe kryetarin e vet. Me shumic\u00eb votash, n\u00eb krye t\u00eb k\u00ebtij institucioni do t\u00eb jet\u00eb deputet Edi Paloka, i cili e ka drejtuar at\u00eb dhe m\u00eb par\u00eb.\/VOA<\/p>\n","protected":false},"excerpt":{"rendered":"<p>N\u00eb Shqip\u00ebri, K\u00ebshilli Komb\u00ebtar i Partis\u00eb Demokratike vendosi t\u00eb premten q\u00eb n\u00eb procesin e diskutimeve p\u00ebr zgjedhjen e presidentit t\u00eb ri t\u00eb vendit, t\u00eb p\u00ebrfaq\u00ebsohet me nj\u00eb grup, q\u00eb do t\u00eb caktohet nga Komisioni i Rithemelimit, institucioni i krijuar nga ish kryeministri Sali Berisha dhe mb\u00ebshtet\u00ebsit e tij. Vendimi u mor n\u00eb mbledhjen e par\u00eb &hellip;<\/p>\n","protected":false},"author":4,"featured_media":11514,"comment_status":"open","ping_status":"open","sticky":false,"template":"","format":"standard","meta":{"footnotes":""},"categories":[40],"tags":[],"class_list":["post-11513","post","type-post","status-publish","format-standard","has-post-thumbnail","","category-aktualitet"],"_links":{"self":[{"href":"https:\/\/rdnews.al\/index.php\/wp-json\/wp\/v2\/posts\/11513","targetHints":{"allow":["GET"]}}],"collection":[{"href":"https:\/\/rdnews.al\/index.php\/wp-json\/wp\/v2\/posts"}],"about":[{"href":"https:\/\/rdnews.al\/index.php\/wp-json\/wp\/v2\/types\/post"}],"author":[{"embeddable":true,"href":"https:\/\/rdnews.al\/index.php\/wp-json\/wp\/v2\/users\/4"}],"replies":[{"embeddable":true,"href":"https:\/\/rdnews.al\/index.php\/wp-json\/wp\/v2\/comments?post=11513"}],"version-history":[{"count":0,"href":"https:\/\/rdnews.al\/index.php\/wp-json\/wp\/v2\/posts\/11513\/revisions"}],"wp:featuredmedia":[{"embeddable":true,"href":"https:\/\/rdnews.al\/index.php\/wp-json\/wp\/v2\/media\/11514"}],"wp:attachment":[{"href":"https:\/\/rdnews.al\/index.php\/wp-json\/wp\/v2\/media?parent=11513"}],"wp:term":[{"taxonomy":"category","embeddable":true,"href":"https:\/\/rdnews.al\/index.php\/wp-json\/wp\/v2\/categories?post=11513"},{"taxonomy":"post_tag","embeddable":true,"href":"https:\/\/rdnews.al\/index.php\/wp-json\/wp\/v2\/tags?post=11513"}],"curies":[{"name":"wp","href":"https:\/\/api.w.org\/{rel}","templated":true}]}}