{"id":115236,"date":"2025-05-28T19:23:53","date_gmt":"2025-05-28T19:23:53","guid":{"rendered":"https:\/\/rdnews.al\/?p=115236"},"modified":"2025-05-28T19:24:10","modified_gmt":"2025-05-28T19:24:10","slug":"pse-rama-nuk-e-publikoi-mesazhin-e-ambasades-amerikane-per-zgjedhjet","status":"publish","type":"post","link":"https:\/\/rdnews.al\/index.php\/2025\/05\/28\/pse-rama-nuk-e-publikoi-mesazhin-e-ambasades-amerikane-per-zgjedhjet\/","title":{"rendered":"Pse Rama nuk e publikoi mesazhin e Ambasad\u00ebs amerikane p\u00ebr zgjedhjet?"},"content":{"rendered":"<p><strong>&#8220;RD&#8221;<\/strong><\/p>\n<p><strong>Rama ka pulikuar n\u00eb faqen e tij n\u00eb facebook ato pak urime q\u00eb ai ka marr\u00eb p\u00ebr fars\u00ebn elektorale t\u00eb 11 majit. Nga nj\u00eb v\u00ebzhgim i k\u00ebsaj faqeje konstaton se Rama ka publikuar nj\u00eb mesazh q\u00eb ka marr\u00eb nga Kryeministrja italiane, Meloni, t\u00eb cil\u00ebs ai i ka b\u00ebr\u00eb dhurat\u00eb n\u00eb Gjad\u00ebr t\u00eb Lezh\u00ebs, kampet e emigrant\u00ebve.<\/strong><\/p>\n<p><strong>Nuk ka urime t\u00eb tjera zyrtare. \u00a0Pas 16 dit\u00ebsh nj\u00eb urim i vecant\u00eb mb\u00ebrriti nga Shtetet e Bashkuara. Mediat pran\u00eb Ram\u00ebs nxituan ta komentonin si nj\u00eb legalizim t\u00eb fars\u00ebs elektorale t\u00eb 11 majit. N\u00eb t\u00eb v\u00ebrtet\u00eb vet\u00eb Rama q\u00eb e kupton shum\u00eb mir\u00eb mesazhin e atij urimi nuk reagoi fare.<\/strong><\/p>\n<p><strong>Ai nuk e pulikoi mesazhin e Ambasad\u00ebs amerikane n\u00eb faqen e tij t\u00eb facebook sikurse kishet b\u00ebr\u00eb me mesazhin e Melonit. P\u00ebrse Rama e fshehu k\u00ebt\u00eb mesazh t\u00eb Ambasad\u00ebs amerikane? Arsyeja \u00ebsht\u00eb e thjesht\u00eb; ai mesazh n\u00eb t\u00eb v\u00ebrtet\u00eb \u00ebsht\u00eb nj\u00eb varr i hapur politik p\u00ebr Ram\u00ebn.<\/strong><\/p>\n","protected":false},"excerpt":{"rendered":"<p>&#8220;RD&#8221; Rama ka pulikuar n\u00eb faqen e tij n\u00eb facebook ato pak urime q\u00eb ai ka marr\u00eb p\u00ebr fars\u00ebn elektorale t\u00eb 11 majit. Nga nj\u00eb v\u00ebzhgim i k\u00ebsaj faqeje konstaton se Rama ka publikuar nj\u00eb mesazh q\u00eb ka marr\u00eb nga Kryeministrja italiane, Meloni, t\u00eb cil\u00ebs ai i ka b\u00ebr\u00eb dhurat\u00eb n\u00eb Gjad\u00ebr t\u00eb Lezh\u00ebs, kampet &hellip;<\/p>\n","protected":false},"author":3,"featured_media":115237,"comment_status":"closed","ping_status":"closed","sticky":false,"template":"","format":"standard","meta":{"footnotes":""},"categories":[37],"tags":[],"class_list":["post-115236","post","type-post","status-publish","format-standard","has-post-thumbnail","","category-politike"],"_links":{"self":[{"href":"https:\/\/rdnews.al\/index.php\/wp-json\/wp\/v2\/posts\/115236","targetHints":{"allow":["GET"]}}],"collection":[{"href":"https:\/\/rdnews.al\/index.php\/wp-json\/wp\/v2\/posts"}],"about":[{"href":"https:\/\/rdnews.al\/index.php\/wp-json\/wp\/v2\/types\/post"}],"author":[{"embeddable":true,"href":"https:\/\/rdnews.al\/index.php\/wp-json\/wp\/v2\/users\/3"}],"replies":[{"embeddable":true,"href":"https:\/\/rdnews.al\/index.php\/wp-json\/wp\/v2\/comments?post=115236"}],"version-history":[{"count":1,"href":"https:\/\/rdnews.al\/index.php\/wp-json\/wp\/v2\/posts\/115236\/revisions"}],"predecessor-version":[{"id":115238,"href":"https:\/\/rdnews.al\/index.php\/wp-json\/wp\/v2\/posts\/115236\/revisions\/115238"}],"wp:featuredmedia":[{"embeddable":true,"href":"https:\/\/rdnews.al\/index.php\/wp-json\/wp\/v2\/media\/115237"}],"wp:attachment":[{"href":"https:\/\/rdnews.al\/index.php\/wp-json\/wp\/v2\/media?parent=115236"}],"wp:term":[{"taxonomy":"category","embeddable":true,"href":"https:\/\/rdnews.al\/index.php\/wp-json\/wp\/v2\/categories?post=115236"},{"taxonomy":"post_tag","embeddable":true,"href":"https:\/\/rdnews.al\/index.php\/wp-json\/wp\/v2\/tags?post=115236"}],"curies":[{"name":"wp","href":"https:\/\/api.w.org\/{rel}","templated":true}]}}