{"id":115339,"date":"2025-05-29T19:23:11","date_gmt":"2025-05-29T19:23:11","guid":{"rendered":"https:\/\/rdnews.al\/?p=115339"},"modified":"2025-05-29T19:25:21","modified_gmt":"2025-05-29T19:25:21","slug":"masakra-zgjedhore-diplomati-departamenti-i-shtetit-do-te-vleresoje-zgjedhjet-ne-shqiperi","status":"publish","type":"post","link":"https:\/\/rdnews.al\/index.php\/2025\/05\/29\/masakra-zgjedhore-diplomati-departamenti-i-shtetit-do-te-vleresoje-zgjedhjet-ne-shqiperi\/","title":{"rendered":"Departamenti i Shtetit do t\u00eb reagoj\u00eb p\u00ebr zgjedhjet n\u00eb Shqiperi, deklarata e ish-diplomatit"},"content":{"rendered":"<p>Diplomati, Agim Nesho, i ftuar n\u00eb emisionin \u00c7IM PEKA LIVE, tha se, Ambasada Amerikane ndryshe nga viti 2021, pas zgjedhjeve t\u00eb 2025 n\u00eb deklarat\u00ebn e saj uroi vet\u00ebm popullin shqiptar.<\/p>\n<p>Nesho theksoi se Departamenti i Shtetit pritet t\u00eb b\u00ebj\u00eb nj\u00eb raport p\u00ebr zgjedhjet n\u00eb Shqip\u00ebri, pasi sipas tij, \u00e7do ambasad\u00eb n\u00eb deklarat\u00ebn e saj n\u00eb ve\u00e7anti uron forc\u00ebn politike fituese.<\/p>\n<p>\u201cKa ndryshim t\u00eb madh vjen n\u00eb normalitet vjen n\u00eb pun\u00ebn q\u00eb duhet t\u00eb kryej\u00eb nj\u00eb ambasada, ambasada e fuqis\u00eb m\u00eb t\u00eb madhe demokratike n\u00eb bot\u00eb, jasht\u00eb atyre akseseve diplomatike, dhe personalizimit t\u00eb \u00e7\u00ebshtjeve si\u00e7 ishte ish-ambasadorja Yuri Kim. E cila arriti deri n\u00eb t\u00eb paimagjinueshmen duke detyruar ose duke vendosur p\u00ebrpara p\u00ebrgjegj\u00ebsis\u00eb sipas saj popullin shqiptar q\u00eb t\u00eb mos zgjidhte udh\u00ebheq\u00ebsit q\u00eb donte por t\u00eb shikonte n\u00eb m\u00ebnyr\u00eb t\u00eb favorizuar Edi Ram\u00ebn dhe pushtetin e tij. K\u00ebtu kemi nj\u00eb deklarat\u00eb normale, nj\u00eb deklarat\u00eb ku kryefjal\u00eb \u00ebsht\u00eb populli shqiptar.<\/p>\n<p>Po t\u00eb ishte si\u00e7 jan\u00eb deklarata normale t\u00eb t\u00eb gjithave ambasadave kudo q\u00eb sh\u00ebrbejn\u00eb sepse ato jan\u00eb institucione dhe kryejn\u00eb marr\u00ebdh\u00ebnie midis dy vendeve i zhvillojn\u00eb ato pra jan\u00eb t\u00eb ngahershme dhe n\u00eb k\u00ebt\u00eb k\u00ebndv\u00ebshtrim do t\u00eb b\u00ebnim nj\u00eb dallim dhe do ti uronin atij q\u00eb ishte fituesit n\u00ebse do t\u00eb ishte procesi normal dometh\u00ebn\u00eb njeriut q\u00eb ka fituar zgjedhjet.<\/p>\n<p>Por kjo nuk ka ndodhur mendoj se s\u00eb fundmi ka qen\u00eb nj\u00eb reagim ndaj nxitimit q\u00eb ka pasur ambasadori i BE n\u00eb Kor\u00e7\u00eb kur tha q\u00eb Rama i ka numrat mund t\u00eb b\u00ebj\u00eb ndryshimet n\u00eb kodin zgjedhor dhe t\u00eb tjera q\u00eb indirekt b\u00ebri nj\u00eb hap mbrapa jasht\u00eb rregullave, pa mbaruar raporti i OSBE\/ ODHIR duke vler\u00ebsuar dhe k\u00ebrkuar q\u00eb t\u00eb mbyllet ky proces. N\u00eb t\u00eb kund\u00ebrt\u00ebn amerikan\u00ebt si kund\u00ebrpesh\u00eb than\u00eb jemi dhe ne kjo \u00ebsht\u00eb nj\u00eb kund\u00ebr pesh\u00eb q\u00eb i takon asaj q\u00eb ne q\u00ebndrojm\u00eb q\u00eb popujt n\u00eb m\u00ebnyr\u00eb t\u00eb lir\u00eb duhet t\u00eb vendosin t\u00eb ardhmen e tyre dhe kjo ka qen\u00eb nj\u00eb kryefjala e administrat\u00ebs Trump.<\/p>\n<p>Prandaj mendoj se \u00ebsht\u00eb nj\u00eb deklarat\u00eb e menduar \u00ebsht\u00eb e nivelit. Un\u00eb pres q\u00eb Departamenti i Shtetit t\u00eb ket\u00eb nj\u00eb deklarat\u00eb vler\u00ebsuese p\u00ebr zgjedhjet n\u00eb Shqip\u00ebri dhe vonesa tregon se po mendohen v\u00ebrtet sepse k\u00ebtu ka nj\u00eb problematik\u00eb shum\u00eb t\u00eb madhe, k\u00ebtu ka pasur nj\u00eb masak\u00ebr zgjedhore. \u00c7\u00ebshtja e interesit nuk \u00ebsht\u00eb vet\u00ebm p\u00ebr Shqip\u00ebrin\u00eb \u00ebsht\u00eb dhe p\u00ebr rajonin mund t\u00eb them q\u00eb edhe raportet e reja q\u00eb kan\u00eb krijuar jo vet\u00ebm me Ballkanin por dhe me t\u00eb gjith\u00eb Evrop\u00ebn. Por vonesat tregojn\u00eb se k\u00ebtu ka nj\u00eb problematik\u00eb.<\/p>\n<p>Dhe problematika e Shqiptar\u00ebve pavar\u00ebsisht propogand\u00ebs s\u00eb vizionit t\u00eb rend se Rama tashm\u00eb q\u00eb n\u00eb t\u00eb gjith\u00eb bot\u00ebn per\u00ebndimore k\u00ebrkon t\u00eb tregoj\u00eb nj\u00eb realitet tjet\u00ebr \u00ebsht\u00eb m\u00ebse e dukshme n\u00eb Uashington\u201d,\u00a0tha Nesho.<\/p>\n","protected":false},"excerpt":{"rendered":"<p>Diplomati, Agim Nesho, i ftuar n\u00eb emisionin \u00c7IM PEKA LIVE, tha se, Ambasada Amerikane ndryshe nga viti 2021, pas zgjedhjeve t\u00eb 2025 n\u00eb deklarat\u00ebn e saj uroi vet\u00ebm popullin shqiptar. Nesho theksoi se Departamenti i Shtetit pritet t\u00eb b\u00ebj\u00eb nj\u00eb raport p\u00ebr zgjedhjet n\u00eb Shqip\u00ebri, pasi sipas tij, \u00e7do ambasad\u00eb n\u00eb deklarat\u00ebn e saj n\u00eb &hellip;<\/p>\n","protected":false},"author":4,"featured_media":114512,"comment_status":"closed","ping_status":"closed","sticky":false,"template":"","format":"standard","meta":{"footnotes":""},"categories":[37],"tags":[],"class_list":["post-115339","post","type-post","status-publish","format-standard","has-post-thumbnail","","category-politike"],"_links":{"self":[{"href":"https:\/\/rdnews.al\/index.php\/wp-json\/wp\/v2\/posts\/115339","targetHints":{"allow":["GET"]}}],"collection":[{"href":"https:\/\/rdnews.al\/index.php\/wp-json\/wp\/v2\/posts"}],"about":[{"href":"https:\/\/rdnews.al\/index.php\/wp-json\/wp\/v2\/types\/post"}],"author":[{"embeddable":true,"href":"https:\/\/rdnews.al\/index.php\/wp-json\/wp\/v2\/users\/4"}],"replies":[{"embeddable":true,"href":"https:\/\/rdnews.al\/index.php\/wp-json\/wp\/v2\/comments?post=115339"}],"version-history":[{"count":3,"href":"https:\/\/rdnews.al\/index.php\/wp-json\/wp\/v2\/posts\/115339\/revisions"}],"predecessor-version":[{"id":115343,"href":"https:\/\/rdnews.al\/index.php\/wp-json\/wp\/v2\/posts\/115339\/revisions\/115343"}],"wp:featuredmedia":[{"embeddable":true,"href":"https:\/\/rdnews.al\/index.php\/wp-json\/wp\/v2\/media\/114512"}],"wp:attachment":[{"href":"https:\/\/rdnews.al\/index.php\/wp-json\/wp\/v2\/media?parent=115339"}],"wp:term":[{"taxonomy":"category","embeddable":true,"href":"https:\/\/rdnews.al\/index.php\/wp-json\/wp\/v2\/categories?post=115339"},{"taxonomy":"post_tag","embeddable":true,"href":"https:\/\/rdnews.al\/index.php\/wp-json\/wp\/v2\/tags?post=115339"}],"curies":[{"name":"wp","href":"https:\/\/api.w.org\/{rel}","templated":true}]}}