{"id":115351,"date":"2025-05-29T20:14:35","date_gmt":"2025-05-29T20:14:35","guid":{"rendered":"https:\/\/rdnews.al\/?p=115351"},"modified":"2025-05-29T20:14:35","modified_gmt":"2025-05-29T20:14:35","slug":"paralajmerimi-i-forte-i-marco-rubio-do-te-goditen-lideret-autoritare-qe-e-kane-kthyer-demokracine-ne-oligarki","status":"publish","type":"post","link":"https:\/\/rdnews.al\/index.php\/2025\/05\/29\/paralajmerimi-i-forte-i-marco-rubio-do-te-goditen-lideret-autoritare-qe-e-kane-kthyer-demokracine-ne-oligarki\/","title":{"rendered":"Paralajm\u00ebrimi i fort\u00eb i Marco Rubio, do t\u00eb goditen lider\u00ebt autoritar\u00eb q\u00eb e kan\u00eb kthyer demokracin\u00eb n\u00eb oligarki"},"content":{"rendered":"<p>Departamenti i Shtetit i Trump do t\u00eb ndaloj\u00eb l\u00ebshimin e vizave p\u00ebr zyrtar\u00ebt e huaj q\u00eb jan\u00eb p\u00ebrpjekur t\u00eb censurojn\u00eb platformat amerikane t\u00eb mediave sociale si X dhe Rumble.<\/p>\n<p>&#8220;T\u00eb huajt q\u00eb punojn\u00eb p\u00ebr t\u00eb minuar t\u00eb drejtat e amerikan\u00ebve nuk duhet t\u00eb g\u00ebzojn\u00eb privilegjin e udh\u00ebtimit n\u00eb vendin ton\u00eb. Qoft\u00eb n\u00eb Amerik\u00ebn Latine, Evrop\u00eb apo gjetk\u00eb, dit\u00ebt e trajtimit pasiv p\u00ebr ata q\u00eb punojn\u00eb p\u00ebr t\u00eb minuar t\u00eb drejtat e amerikan\u00ebve kan\u00eb mbaruar&#8221;, thot\u00eb Rubio.<\/p>\n<p>\u201cKjo nuk do t\u00eb godas\u00eb vet\u00ebm autoritar\u00ebt n\u00eb vende si Kina &#8211; por edhe imituesit e tyre n\u00eb vende si Evropa, ideja e t\u00eb cil\u00ebve p\u00ebr &#8220;demokracin\u00eb&#8221; \u00ebsht\u00eb nj\u00eb oligarki ku n\u00ebse nuk pajtohesh, censurohesh ose kriminalizohesh\u201d, thot\u00eb Kevin Steele q\u00eb sh\u00ebrben si Prokuror i Qarkut Montgomery q\u00eb nga viti 2016.<\/p>\n","protected":false},"excerpt":{"rendered":"<p>Departamenti i Shtetit i Trump do t\u00eb ndaloj\u00eb l\u00ebshimin e vizave p\u00ebr zyrtar\u00ebt e huaj q\u00eb jan\u00eb p\u00ebrpjekur t\u00eb censurojn\u00eb platformat amerikane t\u00eb mediave sociale si X dhe Rumble. &#8220;T\u00eb huajt q\u00eb punojn\u00eb p\u00ebr t\u00eb minuar t\u00eb drejtat e amerikan\u00ebve nuk duhet t\u00eb g\u00ebzojn\u00eb privilegjin e udh\u00ebtimit n\u00eb vendin ton\u00eb. Qoft\u00eb n\u00eb Amerik\u00ebn Latine, Evrop\u00eb &hellip;<\/p>\n","protected":false},"author":3,"featured_media":115352,"comment_status":"closed","ping_status":"closed","sticky":false,"template":"","format":"standard","meta":{"footnotes":""},"categories":[37],"tags":[],"class_list":["post-115351","post","type-post","status-publish","format-standard","has-post-thumbnail","","category-politike"],"_links":{"self":[{"href":"https:\/\/rdnews.al\/index.php\/wp-json\/wp\/v2\/posts\/115351","targetHints":{"allow":["GET"]}}],"collection":[{"href":"https:\/\/rdnews.al\/index.php\/wp-json\/wp\/v2\/posts"}],"about":[{"href":"https:\/\/rdnews.al\/index.php\/wp-json\/wp\/v2\/types\/post"}],"author":[{"embeddable":true,"href":"https:\/\/rdnews.al\/index.php\/wp-json\/wp\/v2\/users\/3"}],"replies":[{"embeddable":true,"href":"https:\/\/rdnews.al\/index.php\/wp-json\/wp\/v2\/comments?post=115351"}],"version-history":[{"count":1,"href":"https:\/\/rdnews.al\/index.php\/wp-json\/wp\/v2\/posts\/115351\/revisions"}],"predecessor-version":[{"id":115353,"href":"https:\/\/rdnews.al\/index.php\/wp-json\/wp\/v2\/posts\/115351\/revisions\/115353"}],"wp:featuredmedia":[{"embeddable":true,"href":"https:\/\/rdnews.al\/index.php\/wp-json\/wp\/v2\/media\/115352"}],"wp:attachment":[{"href":"https:\/\/rdnews.al\/index.php\/wp-json\/wp\/v2\/media?parent=115351"}],"wp:term":[{"taxonomy":"category","embeddable":true,"href":"https:\/\/rdnews.al\/index.php\/wp-json\/wp\/v2\/categories?post=115351"},{"taxonomy":"post_tag","embeddable":true,"href":"https:\/\/rdnews.al\/index.php\/wp-json\/wp\/v2\/tags?post=115351"}],"curies":[{"name":"wp","href":"https:\/\/api.w.org\/{rel}","templated":true}]}}