{"id":115354,"date":"2025-05-30T07:06:04","date_gmt":"2025-05-30T07:06:04","guid":{"rendered":"https:\/\/rdnews.al\/?p=115354"},"modified":"2025-05-30T07:06:04","modified_gmt":"2025-05-30T07:06:04","slug":"rama-behet-edhe-shkencetar-balluku-e-emeron-kryetar-te-akademise-se-shkencave","status":"publish","type":"post","link":"https:\/\/rdnews.al\/index.php\/2025\/05\/30\/rama-behet-edhe-shkencetar-balluku-e-emeron-kryetar-te-akademise-se-shkencave\/","title":{"rendered":"Rama b\u00ebhet edhe shkenc\u00ebtar, Balluku e em\u00ebron kryetar t\u00eb Akademis\u00eb s\u00eb Shkencave"},"content":{"rendered":"<p>Me nj\u00eb vendim t\u00eb dat\u00ebs 28 maj, t\u00eb firmosur nga z\u00ebvend\u00ebskryeministrja Belinda Balluku, qeveria ka ngritur K\u00ebshillin Komb\u00ebtar p\u00ebr Shkenc\u00ebn dhe K\u00ebrkimin Shkencor (KKSHKSH), nj\u00eb organ i ri q\u00eb do t\u00eb drejtohet de facto nga Kryeministri Edi Rama, i cili \u00ebsht\u00eb em\u00ebruar si kryetar i k\u00ebtij k\u00ebshilli.<\/p>\n<p data-start=\"509\" data-end=\"937\">Vendimi, q\u00eb ka kaluar pa shum\u00eb buj\u00eb publike, parashikon q\u00eb n\u00eb p\u00ebrb\u00ebrje t\u00eb KKSHKSH-s\u00eb t\u00eb jen\u00eb 19 an\u00ebtar\u00eb, mes tyre 7 ministra, p\u00ebrfaq\u00ebsues t\u00eb agjencive shtet\u00ebrore dhe vet\u00ebm 4 p\u00ebrfaq\u00ebsues nga universitetet, si dhe kryetari i Akademis\u00eb s\u00eb Shkencave. N\u00eb thelb, akademik\u00ebt z\u00ebvend\u00ebsohen nga politikan\u00ebt, ndryshe nga struktura e m\u00ebparshme ku k\u00ebrkimi shkencor drejtohej nga K\u00ebshilli i Akademik\u00ebve dhe vet\u00eb universitetet.<\/p>\n<p>K\u00ebshilli i ri do t\u00eb mb\u00ebshtetet nga Agjencia Komb\u00ebtare e K\u00ebrkimit Shkencor dhe Inovacionit (AKKSHI), q\u00eb do t\u00eb veproj\u00eb si sekretariat teknik.<\/p>\n<p data-start=\"1084\" data-end=\"1329\">Sipas Q\u00ebndres\u00ebs Qytetare, ky vendim c\u00ebnon lirin\u00eb akademike dhe bie ndesh me ligjin p\u00ebr Arsimin e Lart\u00eb dhe K\u00ebrkimin Shkencor, duke i dh\u00ebn\u00eb goditjen p\u00ebrfundimtare pavar\u00ebsis\u00eb s\u00eb universiteteve dhe zhvillimit t\u00eb arsimit cil\u00ebsor n\u00eb vend.<\/p>\n<p data-start=\"1331\" data-end=\"1389\">Situata \u00ebsht\u00eb edhe m\u00eb alarmante n\u00eb aspektin financiar:<\/p>\n<p data-start=\"1392\" data-end=\"1527\">Vet\u00ebm 0.056% e PBB-s\u00eb \u00ebsht\u00eb alokuar p\u00ebr k\u00ebrkimin shkencor n\u00eb vitin 2025, shum\u00eb larg minimumit 1% t\u00eb k\u00ebrkuar nga direktivat e BE-s\u00eb;<\/p>\n<p data-start=\"1530\" data-end=\"1716\">Universitetet p\u00ebrdorin mesatarisht vet\u00ebm 0.15% t\u00eb t\u00eb ardhurave nga tarifat e student\u00ebve p\u00ebr k\u00ebrkimin shkencor, ku Universiteti i Tiran\u00ebs bie n\u00eb nivelin m\u00eb t\u00eb ul\u00ebt me vet\u00ebm 0.09%;<\/p>\n<p data-start=\"1719\" data-end=\"1867\">Shqip\u00ebria renditet e fundit n\u00eb Evrop\u00eb p\u00ebrsa i p\u00ebrket intensitetit t\u00eb k\u00ebrkimit shkencor, me vet\u00ebm 6 artikuj shkencor\u00eb p\u00ebr 100,000 banor\u00eb.<\/p>\n<p data-start=\"1869\" data-end=\"2054\">\u201cKy vendim \u00ebsht\u00eb simboli i kapjes p\u00ebrfundimtare t\u00eb arsimit nga politika dhe nj\u00eb hap mbrapa n\u00eb ringjalljen e universiteteve shqiptare\u201d, thekson Q\u00ebndresa Qytetare n\u00eb reagimin e saj.<\/p>\n","protected":false},"excerpt":{"rendered":"<p>Me nj\u00eb vendim t\u00eb dat\u00ebs 28 maj, t\u00eb firmosur nga z\u00ebvend\u00ebskryeministrja Belinda Balluku, qeveria ka ngritur K\u00ebshillin Komb\u00ebtar p\u00ebr Shkenc\u00ebn dhe K\u00ebrkimin Shkencor (KKSHKSH), nj\u00eb organ i ri q\u00eb do t\u00eb drejtohet de facto nga Kryeministri Edi Rama, i cili \u00ebsht\u00eb em\u00ebruar si kryetar i k\u00ebtij k\u00ebshilli. Vendimi, q\u00eb ka kaluar pa shum\u00eb buj\u00eb publike, &hellip;<\/p>\n","protected":false},"author":4,"featured_media":111221,"comment_status":"closed","ping_status":"closed","sticky":false,"template":"","format":"standard","meta":{"footnotes":""},"categories":[37],"tags":[],"class_list":["post-115354","post","type-post","status-publish","format-standard","has-post-thumbnail","","category-politike"],"_links":{"self":[{"href":"https:\/\/rdnews.al\/index.php\/wp-json\/wp\/v2\/posts\/115354","targetHints":{"allow":["GET"]}}],"collection":[{"href":"https:\/\/rdnews.al\/index.php\/wp-json\/wp\/v2\/posts"}],"about":[{"href":"https:\/\/rdnews.al\/index.php\/wp-json\/wp\/v2\/types\/post"}],"author":[{"embeddable":true,"href":"https:\/\/rdnews.al\/index.php\/wp-json\/wp\/v2\/users\/4"}],"replies":[{"embeddable":true,"href":"https:\/\/rdnews.al\/index.php\/wp-json\/wp\/v2\/comments?post=115354"}],"version-history":[{"count":1,"href":"https:\/\/rdnews.al\/index.php\/wp-json\/wp\/v2\/posts\/115354\/revisions"}],"predecessor-version":[{"id":115355,"href":"https:\/\/rdnews.al\/index.php\/wp-json\/wp\/v2\/posts\/115354\/revisions\/115355"}],"wp:featuredmedia":[{"embeddable":true,"href":"https:\/\/rdnews.al\/index.php\/wp-json\/wp\/v2\/media\/111221"}],"wp:attachment":[{"href":"https:\/\/rdnews.al\/index.php\/wp-json\/wp\/v2\/media?parent=115354"}],"wp:term":[{"taxonomy":"category","embeddable":true,"href":"https:\/\/rdnews.al\/index.php\/wp-json\/wp\/v2\/categories?post=115354"},{"taxonomy":"post_tag","embeddable":true,"href":"https:\/\/rdnews.al\/index.php\/wp-json\/wp\/v2\/tags?post=115354"}],"curies":[{"name":"wp","href":"https:\/\/api.w.org\/{rel}","templated":true}]}}