{"id":115373,"date":"2025-05-30T10:17:23","date_gmt":"2025-05-30T10:17:23","guid":{"rendered":"https:\/\/rdnews.al\/?p=115373"},"modified":"2025-05-30T10:17:23","modified_gmt":"2025-05-30T10:17:23","slug":"etrit-berisha-superhero-ne-suedi-dy-penallti-te-pritura-nje-gol-i-shenuar-dhe-nje-trofe-i-ngritur-lart","status":"publish","type":"post","link":"https:\/\/rdnews.al\/index.php\/2025\/05\/30\/etrit-berisha-superhero-ne-suedi-dy-penallti-te-pritura-nje-gol-i-shenuar-dhe-nje-trofe-i-ngritur-lart\/","title":{"rendered":"Etrit Berisha superhero n\u00eb Suedi! Dy penallti t\u00eb pritura, nj\u00eb gol i sh\u00ebnuar dhe nj\u00eb trofe i ngritur lart"},"content":{"rendered":"<p>N\u00ebse ka nj\u00eb dit\u00eb q\u00eb Etrit Berisha nuk do ta harroj\u00eb kurr\u00eb, ajo \u00ebsht\u00eb 29 maji 2025. N\u00eb nj\u00eb finale t\u00eb zjarrt\u00eb t\u00eb Kup\u00ebs s\u00eb Suedis\u00eb ndaj kampion\u00ebve t\u00eb Malmo, portieri shqiptar nuk u mjaftua vet\u00ebm me mbrojtjen e port\u00ebs\u2026 ai hyri n\u00eb histori.<\/p>\n<p>Ndeshja? E tensionuar, pa gola gjat\u00eb koh\u00ebs s\u00eb rregullt dhe shtes\u00ebs. Fituesi? Duhej t\u00eb zgjidhej me rulet\u00ebn dramatike t\u00eb penalltive. Dhe aty, Berisha veshi mantelin e heroit.<\/p>\n<p>Jo vet\u00ebm q\u00eb priti dy penallti vendimtare, por edhe goditi vet\u00eb nj\u00eb 11-met\u00ebrsh, me qet\u00ebsi dhe sakt\u00ebsi klinike. Nj\u00eb portier q\u00eb sh\u00ebnon dhe shp\u00ebton, nj\u00eb kombinim q\u00eb rrall\u00eb shihet, por kur ndodh, mbetet p\u00ebr historin\u00eb.<\/p>\n<p>Ky triumf nuk \u00ebsht\u00eb vet\u00ebm nj\u00eb trofe p\u00ebr skuadr\u00ebn e Hakenit. \u00cbsht\u00eb nj\u00eb rikthim i madh p\u00ebr vet\u00eb Berish\u00ebn, i cili deri n\u00eb muajin prill ishte pa ekip dhe n\u00eb pritje t\u00eb nj\u00eb shansi t\u00eb fundit. Dhe kur ai shans erdhi, ai e ktheu n\u00eb art. Kupa e Suedis\u00eb ka nj\u00eb em\u00ebr mbi t\u00eb sot: Etrit Berisha!<\/p>\n","protected":false},"excerpt":{"rendered":"<p>N\u00ebse ka nj\u00eb dit\u00eb q\u00eb Etrit Berisha nuk do ta harroj\u00eb kurr\u00eb, ajo \u00ebsht\u00eb 29 maji 2025. N\u00eb nj\u00eb finale t\u00eb zjarrt\u00eb t\u00eb Kup\u00ebs s\u00eb Suedis\u00eb ndaj kampion\u00ebve t\u00eb Malmo, portieri shqiptar nuk u mjaftua vet\u00ebm me mbrojtjen e port\u00ebs\u2026 ai hyri n\u00eb histori. Ndeshja? E tensionuar, pa gola gjat\u00eb koh\u00ebs s\u00eb rregullt dhe shtes\u00ebs. &hellip;<\/p>\n","protected":false},"author":4,"featured_media":115374,"comment_status":"closed","ping_status":"closed","sticky":false,"template":"","format":"standard","meta":{"footnotes":""},"categories":[39],"tags":[],"class_list":["post-115373","post","type-post","status-publish","format-standard","has-post-thumbnail","","category-sport"],"_links":{"self":[{"href":"https:\/\/rdnews.al\/index.php\/wp-json\/wp\/v2\/posts\/115373","targetHints":{"allow":["GET"]}}],"collection":[{"href":"https:\/\/rdnews.al\/index.php\/wp-json\/wp\/v2\/posts"}],"about":[{"href":"https:\/\/rdnews.al\/index.php\/wp-json\/wp\/v2\/types\/post"}],"author":[{"embeddable":true,"href":"https:\/\/rdnews.al\/index.php\/wp-json\/wp\/v2\/users\/4"}],"replies":[{"embeddable":true,"href":"https:\/\/rdnews.al\/index.php\/wp-json\/wp\/v2\/comments?post=115373"}],"version-history":[{"count":1,"href":"https:\/\/rdnews.al\/index.php\/wp-json\/wp\/v2\/posts\/115373\/revisions"}],"predecessor-version":[{"id":115375,"href":"https:\/\/rdnews.al\/index.php\/wp-json\/wp\/v2\/posts\/115373\/revisions\/115375"}],"wp:featuredmedia":[{"embeddable":true,"href":"https:\/\/rdnews.al\/index.php\/wp-json\/wp\/v2\/media\/115374"}],"wp:attachment":[{"href":"https:\/\/rdnews.al\/index.php\/wp-json\/wp\/v2\/media?parent=115373"}],"wp:term":[{"taxonomy":"category","embeddable":true,"href":"https:\/\/rdnews.al\/index.php\/wp-json\/wp\/v2\/categories?post=115373"},{"taxonomy":"post_tag","embeddable":true,"href":"https:\/\/rdnews.al\/index.php\/wp-json\/wp\/v2\/tags?post=115373"}],"curies":[{"name":"wp","href":"https:\/\/api.w.org\/{rel}","templated":true}]}}