{"id":115383,"date":"2025-05-30T10:35:47","date_gmt":"2025-05-30T10:35:47","guid":{"rendered":"https:\/\/rdnews.al\/?p=115383"},"modified":"2025-05-30T10:35:47","modified_gmt":"2025-05-30T10:35:47","slug":"votimet-ne-tirane-u-dominuan-nga-bandat-me-te-fuqishme-nga-hakmarrja-per-drejtesi-te-segmente-te-bandes-se-shullazit","status":"publish","type":"post","link":"https:\/\/rdnews.al\/index.php\/2025\/05\/30\/votimet-ne-tirane-u-dominuan-nga-bandat-me-te-fuqishme-nga-hakmarrja-per-drejtesi-te-segmente-te-bandes-se-shullazit\/","title":{"rendered":"Votimet n\u00eb Tiran\u00eb u dominuan nga bandat m\u00eb t\u00eb fuqishme, nga \u201cHakmarrja p\u00ebr Drejt\u00ebsi\u201d te segmente t\u00eb band\u00ebs s\u00eb Shullazit"},"content":{"rendered":"<p>Lideri i opozit\u00ebs, Sali Berisha, ka vijuar akuzat \u00a0ndaj procesit zgjedhor t\u00eb 11 majit, duke e cil\u00ebsuar at\u00eb si &#8220;fars\u00ebn m\u00eb t\u00eb sh\u00ebmtuar zgjedhore n\u00eb Europ\u00eb q\u00eb nga r\u00ebnia e Perdes s\u00eb Hekurt&#8221;.<br \/>\nN\u00eb nj\u00eb deklarat\u00eb p\u00ebr mediat, Berisha u shpreh se votimet n\u00eb Tiran\u00eb jan\u00eb dominuar nga grupet kriminale m\u00eb t\u00eb rrezikshme n\u00eb vend, p\u00ebrfshir\u00eb \u201cHakmarrjen p\u00ebr Drejt\u00ebsi\u201d, segmente t\u00eb band\u00ebs s\u00eb Shullazit, si dhe grupin e njohur t\u00eb Xhabaft\u00ebve.<br \/>\n\u201cTani, k\u00ebto jan\u00eb d\u00ebshmit\u00eb e bot\u00ebs s\u00eb n\u00ebndheshme t\u00eb zyrtar\u00ebve q\u00eb n\u00eb shkelje t\u00eb t\u00eb gjitha ligjeve dhe parimeve t\u00eb zgjedhjeve, vepruan n\u00eb mbar\u00eb Tiran\u00ebn.<br \/>\nPor Tirana, p\u00ebr avoket\u00ebrit e fars\u00ebs, q\u00eb p\u00ebrpiqen ta paraqesin si zon\u00eb pa krim, u dominua nga banda m\u00eb t\u00eb fuqishme.<br \/>\nN\u00eb Tiran\u00eb operative ishin banda e Xhabaft\u00ebve, e dokumentuar dhe e paraqitur para jush k\u00ebtu me t\u00eb gjith\u00eb veprimtarin\u00eb terroriste elektorale.<br \/>\n\u2018Hakmarrja p\u00ebr drejt\u00ebsi\u2019 \u00ebsht\u00eb nj\u00eb band\u00eb me deg\u00ebn e saj t\u00eb fuqishme n\u00eb Tiran\u00eb, pavar\u00ebsisht se tani p\u00ebr tani, qendr\u00ebn e kan\u00eb n\u00eb Lushnje dhe kan\u00eb z\u00ebvend\u00ebsuar band\u00ebn e Aldo Bares.<br \/>\nPor n\u00eb Tiran\u00eb jan\u00eb eksponent\u00eb kryesor\u00eb t\u00eb saj, nd\u00ebr t\u00eb cil\u00ebt Dabull\u00ebt dhe t\u00eb tjer\u00eb.<br \/>\nSegmente t\u00eb band\u00ebs s\u00eb Shullazit, Serjani dhe bandit\u00eb t\u00eb tjer\u00eb, jan\u00eb marr\u00eb dit\u00eb e nat\u00eb me k\u00ebrc\u00ebnimin e votuesve dhe blerjen e votave.<br \/>\nPra, Tirana ishte e ng\u00ebrthyer n\u00eb nj\u00eb dar\u00eb krimi, n\u00eb t\u00eb kat\u00ebr an\u00ebt e saj, nga seria killer\u00eb, trafikant\u00eb, organizata.<br \/>\nKjo \u00ebsht\u00eb e v\u00ebrteta.<br \/>\n\u00c7far\u00ebdo q\u00eb t\u00eb b\u00ebj\u00eb Edi Rama, \u00e7far\u00ebdo p\u00ebrpjekje, me asgj\u00eb nuk mund t\u00eb fsheh\u00eb fars\u00ebn e sh\u00ebmtuar elektorale t\u00eb 11 Majit 2025.<br \/>\nFlluskat dhe qeskat e tymit q\u00eb shp\u00ebrndan, nj\u00eb dit\u00eb me nj\u00eb pretendim, nj\u00eb dit\u00eb me nj\u00eb pretendim tjet\u00ebr, faktojn\u00eb d\u00ebshtimin e tij t\u00eb plot\u00eb n\u00eb maskimin e fars\u00ebs elektorale.<br \/>\nKa shp\u00ebrndar\u00eb k\u00ebrkesa t\u00eb panum\u00ebrta q\u00eb t\u00eb marr\u00eb urime, por urimet nuk po i vijn\u00eb.<br \/>\nTelefonata t\u00eb shumta, po statuse nuk postohen.<br \/>\nUrime nuk i vijn\u00eb.<br \/>\nI kan\u00eb ngecur n\u00eb fyt zgjedhjet dhe do i ngecin edhe m\u00eb keq.<br \/>\nPD deklaron se nuk njeh kurr\u00eb k\u00ebt\u00eb fars\u00eb elektorale.<br \/>\nSe ajo do i faktoj\u00eb \u00e7do shqiptari dhe komunitetit nd\u00ebrkomb\u00ebtar se \u00e7far\u00eb p\u00ebrfaq\u00ebson n\u00eb realitet farsa elektorale e 11 Majit 2025.<br \/>\nFarsa m\u00eb e sh\u00ebmtuar e zhvilluar q\u00eb nga r\u00ebnia e Perdes s\u00eb Hekurt gjer sot n\u00eb Europ\u00eb\u201d, tha Berisha.<\/p>\n","protected":false},"excerpt":{"rendered":"<p>Lideri i opozit\u00ebs, Sali Berisha, ka vijuar akuzat \u00a0ndaj procesit zgjedhor t\u00eb 11 majit, duke e cil\u00ebsuar at\u00eb si &#8220;fars\u00ebn m\u00eb t\u00eb sh\u00ebmtuar zgjedhore n\u00eb Europ\u00eb q\u00eb nga r\u00ebnia e Perdes s\u00eb Hekurt&#8221;. N\u00eb nj\u00eb deklarat\u00eb p\u00ebr mediat, Berisha u shpreh se votimet n\u00eb Tiran\u00eb jan\u00eb dominuar nga grupet kriminale m\u00eb t\u00eb rrezikshme n\u00eb vend, &hellip;<\/p>\n","protected":false},"author":4,"featured_media":115384,"comment_status":"closed","ping_status":"closed","sticky":false,"template":"","format":"standard","meta":{"footnotes":""},"categories":[37],"tags":[],"class_list":["post-115383","post","type-post","status-publish","format-standard","has-post-thumbnail","","category-politike"],"_links":{"self":[{"href":"https:\/\/rdnews.al\/index.php\/wp-json\/wp\/v2\/posts\/115383","targetHints":{"allow":["GET"]}}],"collection":[{"href":"https:\/\/rdnews.al\/index.php\/wp-json\/wp\/v2\/posts"}],"about":[{"href":"https:\/\/rdnews.al\/index.php\/wp-json\/wp\/v2\/types\/post"}],"author":[{"embeddable":true,"href":"https:\/\/rdnews.al\/index.php\/wp-json\/wp\/v2\/users\/4"}],"replies":[{"embeddable":true,"href":"https:\/\/rdnews.al\/index.php\/wp-json\/wp\/v2\/comments?post=115383"}],"version-history":[{"count":1,"href":"https:\/\/rdnews.al\/index.php\/wp-json\/wp\/v2\/posts\/115383\/revisions"}],"predecessor-version":[{"id":115385,"href":"https:\/\/rdnews.al\/index.php\/wp-json\/wp\/v2\/posts\/115383\/revisions\/115385"}],"wp:featuredmedia":[{"embeddable":true,"href":"https:\/\/rdnews.al\/index.php\/wp-json\/wp\/v2\/media\/115384"}],"wp:attachment":[{"href":"https:\/\/rdnews.al\/index.php\/wp-json\/wp\/v2\/media?parent=115383"}],"wp:term":[{"taxonomy":"category","embeddable":true,"href":"https:\/\/rdnews.al\/index.php\/wp-json\/wp\/v2\/categories?post=115383"},{"taxonomy":"post_tag","embeddable":true,"href":"https:\/\/rdnews.al\/index.php\/wp-json\/wp\/v2\/tags?post=115383"}],"curies":[{"name":"wp","href":"https:\/\/api.w.org\/{rel}","templated":true}]}}