{"id":115391,"date":"2025-05-30T10:45:36","date_gmt":"2025-05-30T10:45:36","guid":{"rendered":"https:\/\/rdnews.al\/?p=115391"},"modified":"2025-05-30T10:45:36","modified_gmt":"2025-05-30T10:45:36","slug":"berisha-ne-nuk-bllokojme-asnje-kandidat-qe-te-beje-transparence-nuk-e-kemi-standardin-e-edi-rames","status":"publish","type":"post","link":"https:\/\/rdnews.al\/index.php\/2025\/05\/30\/berisha-ne-nuk-bllokojme-asnje-kandidat-qe-te-beje-transparence-nuk-e-kemi-standardin-e-edi-rames\/","title":{"rendered":"Berisha: Ne nuk bllokojm\u00eb asnj\u00eb kandidat q\u00eb t\u00eb b\u00ebj\u00eb transparenc\u00eb, nuk e kemi standardin e Edi Ram\u00ebs!"},"content":{"rendered":"<p>Kryetari i PD, Sali Berisha deklaroi se, Partia Demokratike nuk pengon asnj\u00eb kandidat t\u00eb k\u00ebrkoj\u00eb transparenc\u00eb lidhur me procesin zgjedhor t\u00eb 11 majit, duke theksuar se partia nuk ndjek standardin e Edi Ram\u00ebs p\u00ebr t\u00eb bllokuar hetimin e parregullsive.<br \/>\nN\u00eb nj\u00eb prononcim p\u00ebr mediat, Berisha u shpreh se \u00e7do kandidat ka t\u00eb drejt\u00eb t\u00eb k\u00ebrkoj\u00eb rinum\u00ebrim apo verifikim t\u00eb votave dhe se partia \u00ebsht\u00eb e gatshme t\u00eb mb\u00ebshtes\u00eb \u00e7do p\u00ebrpjekje p\u00ebr transparenc\u00eb.<br \/>\n\u201cFarsa elektorale, nuk flas un\u00eb, \u00ebsht\u00eb realitet i pamohuesh\u00ebm, i padiskutuesh\u00ebm.<br \/>\nDhe kjo q\u00eb thoni ju, 2-3-4-5 verifikime, parregullsi, k\u00ebto nuk hedhin asgj\u00eb posht\u00eb, as n\u00eb k\u00ebto q\u00eb themi, p\u00ebrkundrazi.<br \/>\nKurse p\u00ebr sa u p\u00ebrket kandidat\u00ebve, un\u00eb nuk e di sa kan\u00eb k\u00ebrkuar rinum\u00ebrimin apo sa kan\u00eb k\u00ebrkuar procedur\u00ebn, por cilido q\u00eb d\u00ebshiron, \u00ebsht\u00eb i lir\u00eb ta b\u00ebj\u00eb.<br \/>\nNe nuk bllokojm\u00eb asnj\u00eb njeri q\u00eb ta b\u00ebj\u00eb transparenc\u00ebn.<br \/>\nN\u00eb qoft\u00eb se ka pasur njer\u00ebz t\u00eb pand\u00ebrgjegjsh\u00ebm, ata do identifikohen dhe do mbahet q\u00ebndrim ligjor.<br \/>\nK\u00ebtu ne nuk kemi dy standarde, por nuk kemi standardin e Edi Ram\u00ebs q\u00eb ndalon transparenc\u00ebn.<br \/>\nAt\u00eb nuk e b\u00ebjm\u00eb kurr\u00eb ne.<br \/>\nE qart\u00eb p\u00ebrgjigja?<br \/>\nNuk e di sa jan\u00eb, se ne edhe para dy dit\u00ebsh, kam p\u00ebrs\u00ebritur udh\u00ebzimin q\u00eb \u00e7do kandidat q\u00eb k\u00ebrkon transparenc\u00eb, t\u2019i jepet mb\u00ebshtetje nga partia\u201d, tha Berisha.<\/p>\n","protected":false},"excerpt":{"rendered":"<p>Kryetari i PD, Sali Berisha deklaroi se, Partia Demokratike nuk pengon asnj\u00eb kandidat t\u00eb k\u00ebrkoj\u00eb transparenc\u00eb lidhur me procesin zgjedhor t\u00eb 11 majit, duke theksuar se partia nuk ndjek standardin e Edi Ram\u00ebs p\u00ebr t\u00eb bllokuar hetimin e parregullsive. N\u00eb nj\u00eb prononcim p\u00ebr mediat, Berisha u shpreh se \u00e7do kandidat ka t\u00eb drejt\u00eb t\u00eb k\u00ebrkoj\u00eb &hellip;<\/p>\n","protected":false},"author":4,"featured_media":115392,"comment_status":"closed","ping_status":"closed","sticky":false,"template":"","format":"standard","meta":{"footnotes":""},"categories":[37],"tags":[],"class_list":["post-115391","post","type-post","status-publish","format-standard","has-post-thumbnail","","category-politike"],"_links":{"self":[{"href":"https:\/\/rdnews.al\/index.php\/wp-json\/wp\/v2\/posts\/115391","targetHints":{"allow":["GET"]}}],"collection":[{"href":"https:\/\/rdnews.al\/index.php\/wp-json\/wp\/v2\/posts"}],"about":[{"href":"https:\/\/rdnews.al\/index.php\/wp-json\/wp\/v2\/types\/post"}],"author":[{"embeddable":true,"href":"https:\/\/rdnews.al\/index.php\/wp-json\/wp\/v2\/users\/4"}],"replies":[{"embeddable":true,"href":"https:\/\/rdnews.al\/index.php\/wp-json\/wp\/v2\/comments?post=115391"}],"version-history":[{"count":1,"href":"https:\/\/rdnews.al\/index.php\/wp-json\/wp\/v2\/posts\/115391\/revisions"}],"predecessor-version":[{"id":115393,"href":"https:\/\/rdnews.al\/index.php\/wp-json\/wp\/v2\/posts\/115391\/revisions\/115393"}],"wp:featuredmedia":[{"embeddable":true,"href":"https:\/\/rdnews.al\/index.php\/wp-json\/wp\/v2\/media\/115392"}],"wp:attachment":[{"href":"https:\/\/rdnews.al\/index.php\/wp-json\/wp\/v2\/media?parent=115391"}],"wp:term":[{"taxonomy":"category","embeddable":true,"href":"https:\/\/rdnews.al\/index.php\/wp-json\/wp\/v2\/categories?post=115391"},{"taxonomy":"post_tag","embeddable":true,"href":"https:\/\/rdnews.al\/index.php\/wp-json\/wp\/v2\/tags?post=115391"}],"curies":[{"name":"wp","href":"https:\/\/api.w.org\/{rel}","templated":true}]}}