{"id":115394,"date":"2025-05-30T10:50:23","date_gmt":"2025-05-30T10:50:23","guid":{"rendered":"https:\/\/rdnews.al\/?p=115394"},"modified":"2025-05-30T10:50:23","modified_gmt":"2025-05-30T10:50:23","slug":"berisha-lulzim-basha-nuk-vrapoi-pas-denoncimit-te-farses-elektorale-por-vrapoi-pas-karriges-se-tij","status":"publish","type":"post","link":"https:\/\/rdnews.al\/index.php\/2025\/05\/30\/berisha-lulzim-basha-nuk-vrapoi-pas-denoncimit-te-farses-elektorale-por-vrapoi-pas-karriges-se-tij\/","title":{"rendered":"Berisha: Lulzim Basha nuk vrapoi pas denoncimit t\u00eb fars\u00ebs elektorale, por vrapoi pas karriges s\u00eb tij!"},"content":{"rendered":"<p>Kryetari i Partis\u00eb Demokratike, Sali Berisha akuzoi Lulzim Bash\u00ebn p\u00ebr munges\u00eb reagimi ndaj asaj q\u00eb ai e quan &#8220;farsa elektorale&#8221; e 11 majit.<br \/>\nN\u00eb nj\u00eb deklarat\u00eb p\u00ebr mediat, Berisha tha se nd\u00ebrsa ai vet\u00eb kishte nisur denoncimin e parregullsive q\u00eb para zgjedhjeve, Basha, sipas tij, nuk u angazhua p\u00ebr t\u00eb mbrojtur vot\u00ebn, por u p\u00ebrqendrua vet\u00ebm te mbajtja e karriges s\u00eb tij.<br \/>\nBerisha shtoi se, Basha kishte nj\u00eb &#8220;projekt tjet\u00ebr&#8221;, duke aluduar p\u00ebr nj\u00eb marr\u00ebveshje politike, dhe se kishte vepruar n\u00eb kund\u00ebrshtim me interesat e opozit\u00ebs.<br \/>\n\u201cLulzim Basha, si\u00e7 e dini ju, nuk b\u00ebri, me porosi, as edhe p\u00ebrpjekjen m\u00eb t\u00eb vog\u00ebl p\u00ebr t\u00eb faktuar fars\u00ebn.<br \/>\nUn\u00eb e denoncova fars\u00ebn.<br \/>\nMe dat\u00ebn 27 prill, un\u00eb kam publikuar statusin \u2018Vota vdiq pa hyr\u00eb n\u00eb kuti\u2019 dhe kam rreshtuar nj\u00eb seri faktor\u00ebsh se pse un\u00eb e shpalla vot\u00ebn t\u00eb vdekur pa hyr\u00eb n\u00eb kuti.<br \/>\nNatyrisht, t\u00eb jem i sinqert\u00eb, ato n\u00eb vitin 2021, ishin jo m\u00eb shum\u00eb se 50 p\u00ebrqind t\u00eb k\u00ebtyre q\u00eb jan\u00eb sot.<br \/>\nPor p\u00ebrs\u00ebri ato i shnd\u00ebrruan zgjedhjet n\u00eb fars\u00eb.<br \/>\nDhe un\u00eb p\u00ebrs\u00ebri e them k\u00ebtu, se komuniteti nd\u00ebrkomb\u00ebtar q\u00ebndroi n\u00eb raportin e tij.<br \/>\nRaporti paraprak i zgjedhjeve t\u00eb vitit 2021, nj\u00eb raport serioz, q\u00eb v\u00eb gishtin n\u00eb problemet madhore.<br \/>\nLulzim Basha nuk vrapoi pas denoncimit t\u00eb fars\u00ebs elektorale, por vrapoi pas karriges s\u00eb tij.<br \/>\nDhe po un\u00eb, n\u00eb at\u00eb artikull, e kam mbyllur: \u00ebsht\u00eb e domosdoshme q\u00eb PD t\u00eb faktoj\u00eb, t\u00eb v\u00ebrtetoj\u00eb, t\u00eb denoncoj\u00eb t\u00eb gjith\u00eb k\u00ebto q\u00eb ndodh\u00ebn n\u00eb k\u00ebto zgjedhje dhe pastaj t\u00eb merret me analiz\u00ebn e vet.<br \/>\nLulzim Basha nd\u00ebrpreu at\u00eb proces dhe vuri n\u00eb epiqend\u00ebr karrigen e tij.<br \/>\nE kam mb\u00ebshtetur apo nuk e kam mb\u00ebshtetur, lexoje at\u00eb q\u00eb kam shkruar.<br \/>\nI kam k\u00ebrkuar n\u00eb m\u00ebnyr\u00eb t\u00eb p\u00ebrs\u00ebritur, por ai kishte projekt tjet\u00ebr.<br \/>\nAi nuk ishte i lir\u00eb. Ai kishte projekt tjet\u00ebr.<br \/>\nAi kishte projekt koalicionin.<br \/>\nU pa e qart\u00eb. Lexoje ti mesazhin q\u00eb i shpallte t\u00eb dy fitimtar\u00eb t\u00eb zgjedhjeve.<br \/>\nLexojeni vet\u00eb! Nuk kisha par\u00eb kurr\u00eb!<br \/>\nTani, t\u00eb jesh i sigurt q\u00eb kjo \u00ebsht\u00eb nj\u00eb parti e hapur, \u00ebsht\u00eb nj\u00eb parti demokratike, \u00ebsht\u00eb nj\u00eb parti q\u00eb nuk largohet kurr\u00eb nga analiza, nga shqyrtimi i t\u00eb metave, gabimeve, nga rip\u00ebrt\u00ebritja, p\u00ebrmir\u00ebsimi.<br \/>\nPor ka periudh\u00ebn e vet.<br \/>\nUn\u00eb q\u00eb n\u00eb vitin 2021 kam shkruar p\u00ebr tjetrin, se fillimisht kjo dhe pastaj analiza, un\u00eb nuk kam dy standarde.<br \/>\nUn\u00eb jam koherent n\u00eb q\u00ebndrimet q\u00eb mbaj.<br \/>\nJam v\u00ebrtet shum\u00eb koherent, nuk l\u00ebviz un\u00eb.<br \/>\nBashk\u00ebpun\u00ebtor\u00ebt e mi sot jan\u00eb t\u00eb bindur se kjo ishte nj\u00eb fars\u00eb.<br \/>\nDhe jan\u00eb t\u00eb bindur se po b\u00ebhet \u00e7do p\u00ebrpjekje bashk\u00ebrisht p\u00ebr t\u00eb denoncuar k\u00ebt\u00eb fars\u00eb.<br \/>\nPor ky \u00ebsht\u00eb proces i nd\u00ebrlikuar, me pun\u00eb voluminoze shum\u00eb, me mund, me djers\u00eb.<br \/>\nPor ne k\u00ebt\u00eb po b\u00ebjm\u00eb.<br \/>\nEdi Rama, plasi q\u00eb t\u00eb marr\u00eb nj\u00eb urim.<br \/>\nKudo u \u00e7on deputet\u00ebve t\u00eb huaj, b\u00ebjeni nj\u00eb urim, nisni nj\u00eb urim.<br \/>\nPo, mos m\u00eb b\u00ebni t\u00eb them emra k\u00ebtu.<br \/>\nUn\u00eb nuk hyj n\u00eb korrespondenc\u00ebn private, nuk prish privacin\u00eb. Por nuk po i vjen askush\u201d, tha Berisha.<\/p>\n","protected":false},"excerpt":{"rendered":"<p>Kryetari i Partis\u00eb Demokratike, Sali Berisha akuzoi Lulzim Bash\u00ebn p\u00ebr munges\u00eb reagimi ndaj asaj q\u00eb ai e quan &#8220;farsa elektorale&#8221; e 11 majit. N\u00eb nj\u00eb deklarat\u00eb p\u00ebr mediat, Berisha tha se nd\u00ebrsa ai vet\u00eb kishte nisur denoncimin e parregullsive q\u00eb para zgjedhjeve, Basha, sipas tij, nuk u angazhua p\u00ebr t\u00eb mbrojtur vot\u00ebn, por u p\u00ebrqendrua &hellip;<\/p>\n","protected":false},"author":4,"featured_media":115395,"comment_status":"closed","ping_status":"closed","sticky":false,"template":"","format":"standard","meta":{"footnotes":""},"categories":[37],"tags":[],"class_list":["post-115394","post","type-post","status-publish","format-standard","has-post-thumbnail","","category-politike"],"_links":{"self":[{"href":"https:\/\/rdnews.al\/index.php\/wp-json\/wp\/v2\/posts\/115394","targetHints":{"allow":["GET"]}}],"collection":[{"href":"https:\/\/rdnews.al\/index.php\/wp-json\/wp\/v2\/posts"}],"about":[{"href":"https:\/\/rdnews.al\/index.php\/wp-json\/wp\/v2\/types\/post"}],"author":[{"embeddable":true,"href":"https:\/\/rdnews.al\/index.php\/wp-json\/wp\/v2\/users\/4"}],"replies":[{"embeddable":true,"href":"https:\/\/rdnews.al\/index.php\/wp-json\/wp\/v2\/comments?post=115394"}],"version-history":[{"count":1,"href":"https:\/\/rdnews.al\/index.php\/wp-json\/wp\/v2\/posts\/115394\/revisions"}],"predecessor-version":[{"id":115396,"href":"https:\/\/rdnews.al\/index.php\/wp-json\/wp\/v2\/posts\/115394\/revisions\/115396"}],"wp:featuredmedia":[{"embeddable":true,"href":"https:\/\/rdnews.al\/index.php\/wp-json\/wp\/v2\/media\/115395"}],"wp:attachment":[{"href":"https:\/\/rdnews.al\/index.php\/wp-json\/wp\/v2\/media?parent=115394"}],"wp:term":[{"taxonomy":"category","embeddable":true,"href":"https:\/\/rdnews.al\/index.php\/wp-json\/wp\/v2\/categories?post=115394"},{"taxonomy":"post_tag","embeddable":true,"href":"https:\/\/rdnews.al\/index.php\/wp-json\/wp\/v2\/tags?post=115394"}],"curies":[{"name":"wp","href":"https:\/\/api.w.org\/{rel}","templated":true}]}}