{"id":115434,"date":"2025-05-30T18:54:36","date_gmt":"2025-05-30T18:54:36","guid":{"rendered":"https:\/\/rdnews.al\/?p=115434"},"modified":"2025-05-30T18:54:57","modified_gmt":"2025-05-30T18:54:57","slug":"rama-ne-mynih-per-finalen-e-champions-league-ku-biletat-shkojne-mbi-32-mije-euro","status":"publish","type":"post","link":"https:\/\/rdnews.al\/index.php\/2025\/05\/30\/rama-ne-mynih-per-finalen-e-champions-league-ku-biletat-shkojne-mbi-32-mije-euro\/","title":{"rendered":"Rama n\u00eb Mynih p\u00ebr finalen e Champions League ku biletat shkojn\u00eb mbi 32 mij\u00eb euro"},"content":{"rendered":"<p>Youtuberi i famsh\u00ebm IShowSpeed ka nxjerr\u00eb zbuluar kryeministrin shqiptar, Edi Rama.<\/p>\n<p>Ky i fundit u tha shqiptar\u00ebve se ka shkuar n\u00eb Gjermani p\u00ebr t\u00eb marr\u00eb pjes\u00eb n\u00eb nj\u00eb ndarje \u00e7mimi p\u00ebr presidenten e KE, Ursula von der Leyen.<\/p>\n<p>Por Youtuberi zbulon t\u00eb v\u00ebrtet\u00ebn tjet\u00ebr q\u00eb nuk e din\u00eb shqiptar\u00ebt.<\/p>\n<p>K\u00ebt\u00eb her\u00eb, takimi mes tij dhe Ram\u00ebs ka qen\u00eb rast\u00ebsor, teksa Speed ndodhet n\u00eb Mynih t\u00eb Gjermanis\u00eb aty ku do t\u00eb mbahet finalja e Champions League mes Interit dhe PSG-s\u00eb.<\/p>\n<p>Rama shfaqet i ulur n\u00eb zonat VIP t\u00eb stadiumit me djalin e tij Zaho dhe me kreun e FSHF-s\u00eb, Armand Duka. Ata po ndjekin at\u00eb q\u00eb njihet si UCL Festival- festimet para finales.<\/p>\n<p>Me Youtuberin amerikan ai zhvillon edhe nj\u00eb bised\u00eb t\u00eb shkurt\u00ebr.<\/p>\n<p>Kujtojm\u00eb se biletat p\u00ebr k\u00ebt\u00eb ndeshje t\u00eb r\u00ebnd\u00ebsishme t\u00eb futbollit shkojn\u00eb mbi 32 mij\u00eb euro. Ky t\u00eb pakt\u00ebn ishte \u00e7mimi para disa dit\u00ebsh, nd\u00ebrsa afrimi i finales vet\u00ebm sa i rrit ato.<\/p>\n<p>Nd\u00ebrkoh\u00eb, Edi Rama njihet p\u00ebr stilin e tij t\u00eb shfrenuar t\u00eb jetes\u00ebs.<\/p>\n<p>Para disa koh\u00ebsh ai shpenzoi shuma t\u00eb \u00e7mendura p\u00ebr t\u00eb shkuar familjarisht p\u00ebr t\u00eb ndjekur nj\u00eb ndeshje basketbolli luksi n\u00eb SHBA.<\/p>\n<div class=\"twitter-tweet twitter-tweet-rendered\"><iframe id=\"twitter-widget-0\" class=\"\" title=\"X Post\" src=\"https:\/\/platform.twitter.com\/embed\/Tweet.html?creatorScreenName=AlBoldnews&amp;dnt=false&amp;embedId=twitter-widget-0&amp;features=eyJ0ZndfdGltZWxpbmVfbGlzdCI6eyJidWNrZXQiOltdLCJ2ZXJzaW9uIjpudWxsfSwidGZ3X2ZvbGxvd2VyX2NvdW50X3N1bnNldCI6eyJidWNrZXQiOnRydWUsInZlcnNpb24iOm51bGx9LCJ0ZndfdHdlZXRfZWRpdF9iYWNrZW5kIjp7ImJ1Y2tldCI6Im9uIiwidmVyc2lvbiI6bnVsbH0sInRmd19yZWZzcmNfc2Vzc2lvbiI6eyJidWNrZXQiOiJvbiIsInZlcnNpb24iOm51bGx9LCJ0ZndfZm9zbnJfc29mdF9pbnRlcnZlbnRpb25zX2VuYWJsZWQiOnsiYnVja2V0Ijoib24iLCJ2ZXJzaW9uIjpudWxsfSwidGZ3X21peGVkX21lZGlhXzE1ODk3Ijp7ImJ1Y2tldCI6InRyZWF0bWVudCIsInZlcnNpb24iOm51bGx9LCJ0ZndfZXhwZXJpbWVudHNfY29va2llX2V4cGlyYXRpb24iOnsiYnVja2V0IjoxMjA5NjAwLCJ2ZXJzaW9uIjpudWxsfSwidGZ3X3Nob3dfYmlyZHdhdGNoX3Bpdm90c19lbmFibGVkIjp7ImJ1Y2tldCI6Im9uIiwidmVyc2lvbiI6bnVsbH0sInRmd19kdXBsaWNhdGVfc2NyaWJlc190b19zZXR0aW5ncyI6eyJidWNrZXQiOiJvbiIsInZlcnNpb24iOm51bGx9LCJ0ZndfdXNlX3Byb2ZpbGVfaW1hZ2Vfc2hhcGVfZW5hYmxlZCI6eyJidWNrZXQiOiJvbiIsInZlcnNpb24iOm51bGx9LCJ0ZndfdmlkZW9faGxzX2R5bmFtaWNfbWFuaWZlc3RzXzE1MDgyIjp7ImJ1Y2tldCI6InRydWVfYml0cmF0ZSIsInZlcnNpb24iOm51bGx9LCJ0ZndfbGVnYWN5X3RpbWVsaW5lX3N1bnNldCI6eyJidWNrZXQiOnRydWUsInZlcnNpb24iOm51bGx9LCJ0ZndfdHdlZXRfZWRpdF9mcm9udGVuZCI6eyJidWNrZXQiOiJvbiIsInZlcnNpb24iOm51bGx9fQ%3D%3D&amp;frame=false&amp;hideCard=false&amp;hideThread=false&amp;id=1928475948699029608&amp;lang=en&amp;maxWidth=560px&amp;origin=https%3A%2F%2Fboldnews.al%2F2025%2F05%2F30%2Fyoutuberi-i-famshem-nxjerr-zbuluar-edi-ramen-e-gjen-ne-mynih-per-finalen-e-champions-leagues%2F&amp;sessionId=dea304c070fb593dafde3b6d3a2964f3d49cbe25&amp;siteScreenName=AlBoldnews&amp;theme=light&amp;widgetsVersion=2615f7e52b7e0%3A1702314776716&amp;width=550px\" frameborder=\"0\" scrolling=\"no\" allowfullscreen=\"allowfullscreen\" data-tweet-id=\"1928475948699029608\" data-mce-fragment=\"1\"><\/iframe><\/div>\n","protected":false},"excerpt":{"rendered":"<p>Youtuberi i famsh\u00ebm IShowSpeed ka nxjerr\u00eb zbuluar kryeministrin shqiptar, Edi Rama. Ky i fundit u tha shqiptar\u00ebve se ka shkuar n\u00eb Gjermani p\u00ebr t\u00eb marr\u00eb pjes\u00eb n\u00eb nj\u00eb ndarje \u00e7mimi p\u00ebr presidenten e KE, Ursula von der Leyen. Por Youtuberi zbulon t\u00eb v\u00ebrtet\u00ebn tjet\u00ebr q\u00eb nuk e din\u00eb shqiptar\u00ebt. K\u00ebt\u00eb her\u00eb, takimi mes tij dhe &hellip;<\/p>\n","protected":false},"author":4,"featured_media":115435,"comment_status":"closed","ping_status":"closed","sticky":false,"template":"","format":"standard","meta":{"footnotes":""},"categories":[37],"tags":[],"class_list":["post-115434","post","type-post","status-publish","format-standard","has-post-thumbnail","","category-politike"],"_links":{"self":[{"href":"https:\/\/rdnews.al\/index.php\/wp-json\/wp\/v2\/posts\/115434","targetHints":{"allow":["GET"]}}],"collection":[{"href":"https:\/\/rdnews.al\/index.php\/wp-json\/wp\/v2\/posts"}],"about":[{"href":"https:\/\/rdnews.al\/index.php\/wp-json\/wp\/v2\/types\/post"}],"author":[{"embeddable":true,"href":"https:\/\/rdnews.al\/index.php\/wp-json\/wp\/v2\/users\/4"}],"replies":[{"embeddable":true,"href":"https:\/\/rdnews.al\/index.php\/wp-json\/wp\/v2\/comments?post=115434"}],"version-history":[{"count":2,"href":"https:\/\/rdnews.al\/index.php\/wp-json\/wp\/v2\/posts\/115434\/revisions"}],"predecessor-version":[{"id":115437,"href":"https:\/\/rdnews.al\/index.php\/wp-json\/wp\/v2\/posts\/115434\/revisions\/115437"}],"wp:featuredmedia":[{"embeddable":true,"href":"https:\/\/rdnews.al\/index.php\/wp-json\/wp\/v2\/media\/115435"}],"wp:attachment":[{"href":"https:\/\/rdnews.al\/index.php\/wp-json\/wp\/v2\/media?parent=115434"}],"wp:term":[{"taxonomy":"category","embeddable":true,"href":"https:\/\/rdnews.al\/index.php\/wp-json\/wp\/v2\/categories?post=115434"},{"taxonomy":"post_tag","embeddable":true,"href":"https:\/\/rdnews.al\/index.php\/wp-json\/wp\/v2\/tags?post=115434"}],"curies":[{"name":"wp","href":"https:\/\/api.w.org\/{rel}","templated":true}]}}