{"id":115438,"date":"2025-05-30T19:25:33","date_gmt":"2025-05-30T19:25:33","guid":{"rendered":"https:\/\/rdnews.al\/?p=115438"},"modified":"2025-05-30T19:26:06","modified_gmt":"2025-05-30T19:26:06","slug":"ish-keshiltari-anglez-i-rames-shqiperia-sot-nuk-eshte-demokraci","status":"publish","type":"post","link":"https:\/\/rdnews.al\/index.php\/2025\/05\/30\/ish-keshiltari-anglez-i-rames-shqiperia-sot-nuk-eshte-demokraci\/","title":{"rendered":"Ish-k\u00ebshiltari anglez i Ram\u00ebs: Shqip\u00ebria sot nuk \u00ebsht\u00eb nj\u00eb vend demokratik"},"content":{"rendered":"<p><strong>Njeriu q\u00eb k\u00ebshilloi Ram\u00ebn p\u00ebr disa fushata elektorale dhe ish-z\u00ebdh\u00ebn\u00ebsi i Tony Blair, Alaistar Campbell thot\u00eb se Shqip\u00ebria sot nuk \u00ebsht\u00eb demokraci. Ai i ka dal\u00eb n\u00eb krah Erion Veliajt dhe e sulmon Ram\u00ebn q\u00eb e mban at\u00eb n\u00eb burg.<\/strong><\/p>\n<p><strong>Nga Alastair Campbell<\/strong><\/p>\n<p>Prej 14 vitesh vizitoj rregullisht Shqip\u00ebrin\u00eb. Kjo marr\u00ebdh\u00ebnie e q\u00ebndrueshme filloi kur Edi Rama, at\u00ebher\u00eb lider i opozit\u00ebs, sapo kishte humbur nj\u00eb pal\u00eb zgjedhje q\u00eb ai i quante t\u00eb manipuluara, dhe m\u00eb k\u00ebrkoi ndihm\u00eb p\u00ebr t\u00eb nd\u00ebrtuar strategjin\u00eb p\u00ebr zgjedhjet e ardhshme. Ai fitoi bindsh\u00ebm dhe u b\u00eb kryeminist\u00ebr n\u00eb vitin 2013. Tani, n\u00eb maj 2025, ai sapo ka fituar mandatin e tij t\u00eb kat\u00ebrt \u2013 nj\u00eb arritje mbres\u00ebl\u00ebn\u00ebse p\u00ebr \u00e7do lider n\u00eb bot\u00ebn moderne demokratike.<\/p>\n<p>Festimet sapo kishin p\u00ebrfunduar kur Rama priti Samitin e fundit t\u00eb Komunitetit Politik Evropian n\u00eb Tiran\u00eb \u2013 nj\u00eb shenj\u00eb e qart\u00eb q\u00eb Shqip\u00ebria kishte z\u00ebn\u00eb vendin e saj n\u00eb sken\u00ebn nd\u00ebrkomb\u00ebtare. Emmanuel Macron, Friedrich Merz, Keir Starmer, Recep Tayyip Erdo\u011fan, Volodymyr Zelensky, Giorgia Meloni, Ursula von der Leyen\u2026 t\u00eb gjitha figurat kryesore evropiane erdh\u00ebn n\u00eb nj\u00eb vend q\u00eb shumica e tyre e kishin shmangur p\u00ebr dekada. Madje, Starmer ishte kryeministri i par\u00eb britanik n\u00eb detyr\u00eb q\u00eb vizitonte vendin.<\/p>\n<p>Me nje gjatesi gati dy metra. Rama dominonte \u2013 si fizikisht, ashtu edhe politikisht \u2013 n\u00eb at\u00eb ngjarje. Vet\u00ebbesimi i tij dhe i vendit t\u00eb tij ishte i duksh\u00ebm. 47 lider\u00eb evropian\u00eb mb\u00ebrrit\u00ebn n\u00eb aeroportin me rritjen m\u00eb t\u00eb shpejt\u00eb n\u00eb Evrop\u00eb. Ata u prit\u00ebn me nj\u00eb film t\u00eb realizuar nga inteligjenca artificiale, ku secili prej tyre (si f\u00ebmij\u00eb), nj\u00eb nga nj\u00eb, thoshte: \u201cMir\u00eb se vini n\u00eb Shqip\u00ebri.\u201d Edhe Erdo\u011fan qeshi.<\/p>\n<p>Vendndodhja e nd\u00ebrtuar enkas p\u00ebr samitin ishte zbukuruar me let\u00ebr murale t\u00eb bazuar n\u00eb vizatimet me stilolaps q\u00eb Rama, dikur artist para se t\u00eb hynte n\u00eb politik\u00eb, i b\u00ebn gjat\u00eb pun\u00ebs s\u00eb tij. Nj\u00eb prej tyre, mund t\u00eb them me k\u00ebnaq\u00ebsi, \u00ebsht\u00eb i imi \u2013 duke hipur mbi nj\u00eb kal\u00eb n\u00eb betej\u00eb, me nj\u00eb shpat\u00eb n\u00eb nj\u00ebr\u00ebn dor\u00eb dhe nj\u00eb telefon n\u00eb tjetr\u00ebn.<\/p>\n<p>E gjith\u00eb ngjarja dha nj\u00eb mesazh t\u00eb qart\u00eb: Shqip\u00ebria nuk po k\u00ebrkon m\u00eb thjesht nj\u00eb vend n\u00eb tryez\u00eb \u2013 ajo \u00ebsht\u00eb gati ta nd\u00ebrtoj\u00eb vet\u00eb tryez\u00ebn. Perspektiva p\u00ebr an\u00ebtar\u00ebsim n\u00eb BE deri n\u00eb vitin 2030 \u00ebsht\u00eb reale dhe e r\u00ebnd\u00ebsishme, jo vet\u00ebm p\u00ebr Shqip\u00ebrin\u00eb, por p\u00ebr Evrop\u00ebn, sepse zgjerimi sjell m\u00eb shum\u00eb siguri dhe bashk\u00ebpunim m\u00eb t\u00eb thell\u00eb kund\u00ebr paq\u00ebndrueshm\u00ebris\u00eb n\u00eb Ballkanin Per\u00ebndimor dhe forcave t\u00eb rrezikshme ruse.<\/p>\n<p>Por an\u00ebtar\u00ebsimi n\u00eb BE nuk fitohet vet\u00ebm p\u00ebrmes ambicies. Ai fitohet p\u00ebrmes vlerave demokratike, reformave dhe mbi t\u00eb gjitha, p\u00ebrmes sundimit t\u00eb ligjit. Dhe pik\u00ebrisht k\u00ebtu lind tensioni. Shqip\u00ebria ka b\u00ebr\u00eb p\u00ebrparime t\u00eb v\u00ebrteta n\u00eb reform\u00ebn n\u00eb drejt\u00ebsi, e domosdoshme p\u00ebr t\u00eb riparuar d\u00ebmet q\u00eb i jan\u00eb shkaktuar reputacionit t\u00eb saj nga korrupsioni.<\/p>\n<p>Krijimi i SPAK \u2013 Struktura e Posa\u00e7me kund\u00ebr Korrupsionit dhe Krimit t\u00eb Organizuar \u2013 ishte nj\u00eb hap historik. Ai u krijua me mb\u00ebshtetjen e BE-s\u00eb dhe SHBA-s\u00eb dhe, duke vepruar i pavarur nga qeveria, ka sjell\u00eb rezultate dramatike: zyrtar\u00eb t\u00eb lart\u00eb, ministra dhe deputet\u00eb kan\u00eb qen\u00eb mes t\u00eb pandehurve. SPAK e ka b\u00ebr\u00eb t\u00eb qart\u00eb: korrupsioni nuk kalon m\u00eb pa pasoja.<\/p>\n<p>Por me pushtetin vjen edhe p\u00ebrgjegj\u00ebsia; dhe me pushtetin gjyq\u00ebsor, barra \u00ebsht\u00eb edhe m\u00eb e r\u00ebnd\u00eb \u2013 t\u00eb veprosh me drejt\u00ebsi, proporcionalitet dhe transparenc\u00eb. Kjo \u00ebsht\u00eb arsyeja pse ajo q\u00eb po ndodh me kryetarin e Bashkis\u00eb s\u00eb Tiran\u00ebs, Erion Veliaj, duhet t\u00eb na shqet\u00ebsoj\u00eb t\u00eb gjith\u00ebve.<\/p>\n<p>Un\u00eb e njoh Veliajn po aq gjat\u00eb sa Ram\u00ebn. Nj\u00eb koleg i Partis\u00eb Socialiste dhe ish-bashk\u00ebpun\u00ebtor i Ram\u00ebs, ai shihet gjer\u00ebsisht si nj\u00eb pasues i mundsh\u00ebm. Sipas SPAK-ut, ai ka drejtuar nj\u00eb skem\u00eb t\u00eb nd\u00ebrlikuar ryshfeti dhe pastrimi parash p\u00ebrmes nj\u00eb rrjeti OJF-sh dhe kompanish t\u00eb kontrolluara nga gruaja dhe v\u00ebllai i tij. N\u00ebse \u00ebsht\u00eb e v\u00ebrtet\u00eb, \u00ebsht\u00eb nj\u00eb skandal, dhe ai meriton t\u00eb nd\u00ebshkohet.<\/p>\n<p>Por vetem N\u00cbSE. Ai ka m\u00eb shum\u00eb se 100 dit\u00eb q\u00eb mbahet n\u00eb paraburgim pa akuza zyrtare, pa e ditur se p\u00ebr \u00e7far\u00eb pritet t\u00eb akuzohet, nd\u00ebrkoh\u00eb q\u00eb vazhdon t\u00eb jet\u00eb kryetar bashkie dhe pritet t\u00eb drejtoj\u00eb pun\u00ebt ne kryeqytet. E gjith\u00eb kjo vjen nga SPAK \u2013 institucioni q\u00eb supozohet t\u00eb mbroj\u00eb sundimin e ligjit, jo ta komprometoj\u00eb at\u00eb. Reforma n\u00eb drejt\u00ebsi nuk duhet t\u00eb kthehet n\u00eb tejkalim t\u00eb drejt\u00ebsis\u00eb. Lufta kund\u00ebr korrupsionit nuk duhet t\u00eb b\u00ebhet pretekst p\u00ebr veprime arbitrare.<\/p>\n<p>Bashkimi Evropian nuk duhet t\u00eb mbyll\u00eb syt\u00eb para k\u00ebsaj \u00e7\u00ebshtjeje. Sepse n\u00ebse procesi i an\u00ebtar\u00ebsimit ka ndonj\u00eb kuptim, ai duhet t\u00eb mb\u00ebshtes\u00eb vlerat mbi t\u00eb cilat \u00ebsht\u00eb nd\u00ebrtuar Unioni: procedurat e rregullta, integritetin gjyq\u00ebsor, t\u00eb drejtat e njeriut. Asnj\u00eb zyrtar, pavar\u00ebsisht pozit\u00ebs s\u00eb tij, nuk duhet t\u00eb jet\u00eb imun ndaj hetimit. Por asnj\u00eb qytetar, sado i njohur, nuk duhet t\u00eb mbahet i ndaluar pa akuza apo pa ndjekur procedurat ligjore. Jo n\u00eb nj\u00eb demokraci. Jo n\u00eb nj\u00eb vend q\u00eb aspiron t\u00eb b\u00ebhet pjes\u00eb e Evrop\u00ebs.<\/p>\n<p>Ajo q\u00eb pam\u00eb n\u00eb Samitin EPC ishte nj\u00eb vend q\u00eb po shpalos me vet\u00ebbesim kredencialet e tij evropiane. Por Shqip\u00ebria nuk do ta fitoj\u00eb vendin n\u00eb BE p\u00ebrmes shfaqjeve apo fjalimeve t\u00eb zjarrta, por p\u00ebrmes substanc\u00ebs s\u00eb saj demokratike \u2013 e kjo, tani, po vihet n\u00eb prov\u00eb.<\/p>\n<p>Ka ardhur koha p\u00ebr qart\u00ebsi. Nga Brukseli. Nga vendet an\u00ebtare. Nga t\u00eb gjith\u00eb ata q\u00eb e duan t\u00eb ardhmen e Evrop\u00ebs. Paraburgimi arbitrar nuk ka vend n\u00eb nj\u00eb demokraci evropiane. Dhe n\u00ebse Shqip\u00ebria d\u00ebshiron t\u00eb b\u00ebhet pjes\u00eb e klubit t\u00eb BE-s\u00eb \u2013 nj\u00eb q\u00ebllim q\u00eb ka \u00e7do t\u00eb drejt\u00eb ta synoj\u00eb \u2013 at\u00ebher\u00eb si ajo, ashtu edhe institucionet q\u00eb mbik\u00ebqyrin procesin e saj t\u00eb modernizimit dhe an\u00ebtar\u00ebsimit, duhet t\u00eb ndjekin rregullat e k\u00ebtij klubi, jo thjesht politik\u00ebn e tij. Sepse n\u00eb fund, sundimi i ligjit nuk \u00ebsht\u00eb thjesht nj\u00eb kuti p\u00ebr t\u2019i vendosur nj\u00eb kryq. \u00cbsht\u00eb themeli mbi t\u00eb cilin nd\u00ebrtohet \u00e7do gj\u00eb tjet\u00ebr.<\/p>\n","protected":false},"excerpt":{"rendered":"<p>Njeriu q\u00eb k\u00ebshilloi Ram\u00ebn p\u00ebr disa fushata elektorale dhe ish-z\u00ebdh\u00ebn\u00ebsi i Tony Blair, Alaistar Campbell thot\u00eb se Shqip\u00ebria sot nuk \u00ebsht\u00eb demokraci. Ai i ka dal\u00eb n\u00eb krah Erion Veliajt dhe e sulmon Ram\u00ebn q\u00eb e mban at\u00eb n\u00eb burg. Nga Alastair Campbell Prej 14 vitesh vizitoj rregullisht Shqip\u00ebrin\u00eb. Kjo marr\u00ebdh\u00ebnie e q\u00ebndrueshme filloi kur &hellip;<\/p>\n","protected":false},"author":3,"featured_media":115439,"comment_status":"closed","ping_status":"closed","sticky":false,"template":"","format":"standard","meta":{"footnotes":""},"categories":[37],"tags":[],"class_list":["post-115438","post","type-post","status-publish","format-standard","has-post-thumbnail","","category-politike"],"_links":{"self":[{"href":"https:\/\/rdnews.al\/index.php\/wp-json\/wp\/v2\/posts\/115438","targetHints":{"allow":["GET"]}}],"collection":[{"href":"https:\/\/rdnews.al\/index.php\/wp-json\/wp\/v2\/posts"}],"about":[{"href":"https:\/\/rdnews.al\/index.php\/wp-json\/wp\/v2\/types\/post"}],"author":[{"embeddable":true,"href":"https:\/\/rdnews.al\/index.php\/wp-json\/wp\/v2\/users\/3"}],"replies":[{"embeddable":true,"href":"https:\/\/rdnews.al\/index.php\/wp-json\/wp\/v2\/comments?post=115438"}],"version-history":[{"count":2,"href":"https:\/\/rdnews.al\/index.php\/wp-json\/wp\/v2\/posts\/115438\/revisions"}],"predecessor-version":[{"id":115441,"href":"https:\/\/rdnews.al\/index.php\/wp-json\/wp\/v2\/posts\/115438\/revisions\/115441"}],"wp:featuredmedia":[{"embeddable":true,"href":"https:\/\/rdnews.al\/index.php\/wp-json\/wp\/v2\/media\/115439"}],"wp:attachment":[{"href":"https:\/\/rdnews.al\/index.php\/wp-json\/wp\/v2\/media?parent=115438"}],"wp:term":[{"taxonomy":"category","embeddable":true,"href":"https:\/\/rdnews.al\/index.php\/wp-json\/wp\/v2\/categories?post=115438"},{"taxonomy":"post_tag","embeddable":true,"href":"https:\/\/rdnews.al\/index.php\/wp-json\/wp\/v2\/tags?post=115438"}],"curies":[{"name":"wp","href":"https:\/\/api.w.org\/{rel}","templated":true}]}}