{"id":115458,"date":"2025-05-31T08:29:02","date_gmt":"2025-05-31T08:29:02","guid":{"rendered":"https:\/\/rdnews.al\/?p=115458"},"modified":"2025-05-31T08:29:52","modified_gmt":"2025-05-31T08:29:52","slug":"katastrofa-mjedisore-ne-shijak-berisha-denon-kete-akt-mafioz-po-kercenohet-shendeti-i-banoreve","status":"publish","type":"post","link":"https:\/\/rdnews.al\/index.php\/2025\/05\/31\/katastrofa-mjedisore-ne-shijak-berisha-denon-kete-akt-mafioz-po-kercenohet-shendeti-i-banoreve\/","title":{"rendered":"Katastrofa mjedisore n\u00eb Shijak\/ Berisha: D\u00ebnoj k\u00ebt\u00eb akt mafioz, po k\u00ebrc\u00ebnohet sh\u00ebndeti i banor\u00ebve!"},"content":{"rendered":"<p>Nj\u00eb situat\u00eb alarmante po ndodh n\u00eb fshatin Hardhisht\u00eb t\u00eb Shijakut, ku mbeturinat e grumbulluara n\u00eb nj\u00eb zon\u00eb t\u00eb hapur po digjen n\u00eb m\u00ebnyr\u00eb t\u00eb q\u00ebllimshme gjat\u00eb nat\u00ebs.<\/p>\n<p>P\u00ebr k\u00ebt\u00eb gjendje alarmante ka reaguar edhe kryetari i PD, Sali Berisha. Ai shkruan se, Bashkia e Shijakut grumbullon plehrat n\u00eb fshatin Hardhisht\u00eb dhe i djeg n\u00eb natyr\u00eb duke p\u00ebrhapur helme t\u00eb rrezikshme dhe duke k\u00ebrc\u00ebnuar me zjarr t\u00eb gjith\u00eb zon\u00ebn.<\/p>\n<p>\u201cBashkia e Shijakut grumbullon plehrat n\u00eb fshatin Hardhisht\u00eb dhe i djeg n\u00eb natyr\u00eb duke p\u00ebrhapur helme t\u00eb rrezikshme dhe duke k\u00ebrc\u00ebnuar me zjarr t\u00eb gjith\u00eb zon\u00ebn.<\/p>\n<p>D\u00ebnoj me forc\u00eb k\u00ebt\u00eb akt mafioz t\u00eb bashkis\u00eb, me t\u00eb cilin k\u00ebrc\u00ebnon haptas sh\u00ebndetin dhe jet\u00ebn e banor\u00ebve t\u00eb Hardhisht\u00ebs\u201d, shkruan Berisha duke postuar edhe pamjet nga katastrofa mjedisore.<\/p>\n<p><iframe loading=\"lazy\" style=\"border: none; overflow: hidden;\" src=\"https:\/\/www.facebook.com\/plugins\/video.php?height=315&amp;href=https%3A%2F%2Fwww.facebook.com%2FSaliBerisha%2Fvideos%2F30211101101814569%2F&amp;show_text=false&amp;width=560&amp;t=0\" width=\"560\" height=\"315\" frameborder=\"0\" scrolling=\"no\" allowfullscreen=\"allowfullscreen\"><\/iframe><\/p>\n","protected":false},"excerpt":{"rendered":"<p>Nj\u00eb situat\u00eb alarmante po ndodh n\u00eb fshatin Hardhisht\u00eb t\u00eb Shijakut, ku mbeturinat e grumbulluara n\u00eb nj\u00eb zon\u00eb t\u00eb hapur po digjen n\u00eb m\u00ebnyr\u00eb t\u00eb q\u00ebllimshme gjat\u00eb nat\u00ebs. P\u00ebr k\u00ebt\u00eb gjendje alarmante ka reaguar edhe kryetari i PD, Sali Berisha. Ai shkruan se, Bashkia e Shijakut grumbullon plehrat n\u00eb fshatin Hardhisht\u00eb dhe i djeg n\u00eb natyr\u00eb &hellip;<\/p>\n","protected":false},"author":4,"featured_media":115459,"comment_status":"closed","ping_status":"closed","sticky":false,"template":"","format":"standard","meta":{"footnotes":""},"categories":[37],"tags":[],"class_list":["post-115458","post","type-post","status-publish","format-standard","has-post-thumbnail","","category-politike"],"_links":{"self":[{"href":"https:\/\/rdnews.al\/index.php\/wp-json\/wp\/v2\/posts\/115458","targetHints":{"allow":["GET"]}}],"collection":[{"href":"https:\/\/rdnews.al\/index.php\/wp-json\/wp\/v2\/posts"}],"about":[{"href":"https:\/\/rdnews.al\/index.php\/wp-json\/wp\/v2\/types\/post"}],"author":[{"embeddable":true,"href":"https:\/\/rdnews.al\/index.php\/wp-json\/wp\/v2\/users\/4"}],"replies":[{"embeddable":true,"href":"https:\/\/rdnews.al\/index.php\/wp-json\/wp\/v2\/comments?post=115458"}],"version-history":[{"count":2,"href":"https:\/\/rdnews.al\/index.php\/wp-json\/wp\/v2\/posts\/115458\/revisions"}],"predecessor-version":[{"id":115461,"href":"https:\/\/rdnews.al\/index.php\/wp-json\/wp\/v2\/posts\/115458\/revisions\/115461"}],"wp:featuredmedia":[{"embeddable":true,"href":"https:\/\/rdnews.al\/index.php\/wp-json\/wp\/v2\/media\/115459"}],"wp:attachment":[{"href":"https:\/\/rdnews.al\/index.php\/wp-json\/wp\/v2\/media?parent=115458"}],"wp:term":[{"taxonomy":"category","embeddable":true,"href":"https:\/\/rdnews.al\/index.php\/wp-json\/wp\/v2\/categories?post=115458"},{"taxonomy":"post_tag","embeddable":true,"href":"https:\/\/rdnews.al\/index.php\/wp-json\/wp\/v2\/tags?post=115458"}],"curies":[{"name":"wp","href":"https:\/\/api.w.org\/{rel}","templated":true}]}}