{"id":115578,"date":"2025-06-02T09:49:14","date_gmt":"2025-06-02T09:49:14","guid":{"rendered":"https:\/\/rdnews.al\/?p=115578"},"modified":"2025-06-02T09:49:14","modified_gmt":"2025-06-02T09:49:14","slug":"vetingu-qe-legalizon-kontraten-mes-burrit-dhe-vellezerve-te-irena-gjokes-deshtim-total-i-cdo-zyre-shteti","status":"publish","type":"post","link":"https:\/\/rdnews.al\/index.php\/2025\/06\/02\/vetingu-qe-legalizon-kontraten-mes-burrit-dhe-vellezerve-te-irena-gjokes-deshtim-total-i-cdo-zyre-shteti\/","title":{"rendered":"Vetingu q\u00eb legalizon kontrat\u00ebn mes burrit dhe v\u00ebllez\u00ebrve t\u00eb Irena Gjok\u00ebs, d\u00ebshtim total i \u00e7do zyre shteti&#8230;"},"content":{"rendered":"<div id=\"rekl-49\">Drejtuesi i Departamentit t\u00eb Mjedisit n\u00eb Partin\u00eb Demokratike, Jamarb\u00ebr Malltezi ka reaguar me nj\u00eb postim n\u00eb faqen e tij n\u00eb facebook duke cituar pjes\u00eb nga dosja e vetingut p\u00ebr gjyqtaren e tre mbiemrave. Ai shkruan se aty ka shkelje flagrante te ligjit dhe e shoq\u00ebron postimin e tij edhe me foto t\u00eb dokumentave.<\/div>\n<div class=\"readmore-text-here\">\n<p><strong>Reagimi<\/strong><\/p>\n<p>D\u00ebshtim total i \u00e7do zyre shteti: Vetingu q\u00eb legalizon kontrat\u00ebn mes burrit dhe v\u00ebllez\u00ebrve t\u00eb Irena Gjok\u00eb, q\u00eb citon nenet 801-825 t\u00eb kodit civil kur asokohe kodi civil kishte ve\u00e7 254 nene! Prokuroria e P\u00ebrgjithshme q\u00eb ka 15 muaj q\u00eb gjoja po heton p\u00ebr Iren\u00ebn n\u00eb Greqi por nuk ka konkluduar.<\/p>\n<div class=\"fotogaleri\">\n<div class=\"bx-wrapper\">\n<div class=\"bx-viewport\">\n<ul class=\"read-slider\">\n<li><a href=\"https:\/\/www.syri.net\/fotogaleria\/792797\/manipulimi-me-vetingun-per-irena-gjoken-malltezi-deshtim-total-i-cdo-zyre-shteti-pp-15-muaj-pa-vendim\/\" target=\"_blank\" rel=\"noopener\"><img decoding=\"async\" src=\"https:\/\/www.syri.net\/uploads\/syri.net\/images\/2025\/June\/02\/auto_502987442_10162226788838190_6345083264083241129_n1748857101.jpg\" \/><i class=\"fa fa-search-plus syri_zoom\" aria-hidden=\"true\"><\/i><\/a><\/li>\n<\/ul>\n<\/div>\n<\/div>\n<\/div>\n<p>KLGJ q\u00eb e ka me ligj t\u00eb vendos\u00eb brenda 15 dit\u00ebsh por luan kungulleshkash e thot\u00eb q\u00eb duhet konfirmim nga Prokuroria e P\u00ebrgjithshme nd\u00ebrkoh\u00eb q\u00eb vendimi ka vul\u00eb apostile nga Gjykata e Janin\u00ebs. Dhe Prokuroria e P\u00ebrgjithshme q\u00eb pret q\u00eb Ulsi Manja t\u00eb komunikoj\u00eb por q\u00eb ata ia \u00e7ojn\u00eb gjykat\u00ebs se Athin\u00ebs n\u00eb vend t\u00eb Janin\u00ebs.<\/p>\n<p><iframe loading=\"lazy\" src=\"https:\/\/www.facebook.com\/plugins\/post.php?href=https%3A%2F%2Fwww.facebook.com%2Fabi.malltezi%2Fposts%2Fpfbid02tYyneLvAsBLJ1sA6nyJ6XJvE9pNvacKGLhv9uAqPBxZ4qi9E2dsp24bC8uNuBGNWl&amp;show_text=true&amp;width=500\" width=\"500\" height=\"800\" frameborder=\"0\" scrolling=\"no\" allowfullscreen=\"allowfullscreen\" data-mce-fragment=\"1\"><\/iframe><\/p>\n<\/div>\n<div id=\"rekl-45\"><\/div>\n<div id=\"rekl-16\"><\/div>\n<div id=\"rekl-33\"><\/div>\n","protected":false},"excerpt":{"rendered":"<p>Drejtuesi i Departamentit t\u00eb Mjedisit n\u00eb Partin\u00eb Demokratike, Jamarb\u00ebr Malltezi ka reaguar me nj\u00eb postim n\u00eb faqen e tij n\u00eb facebook duke cituar pjes\u00eb nga dosja e vetingut p\u00ebr gjyqtaren e tre mbiemrave. Ai shkruan se aty ka shkelje flagrante te ligjit dhe e shoq\u00ebron postimin e tij edhe me foto t\u00eb dokumentave. Reagimi D\u00ebshtim &hellip;<\/p>\n","protected":false},"author":4,"featured_media":88965,"comment_status":"closed","ping_status":"closed","sticky":false,"template":"","format":"standard","meta":{"footnotes":""},"categories":[37],"tags":[],"class_list":["post-115578","post","type-post","status-publish","format-standard","has-post-thumbnail","","category-politike"],"_links":{"self":[{"href":"https:\/\/rdnews.al\/index.php\/wp-json\/wp\/v2\/posts\/115578","targetHints":{"allow":["GET"]}}],"collection":[{"href":"https:\/\/rdnews.al\/index.php\/wp-json\/wp\/v2\/posts"}],"about":[{"href":"https:\/\/rdnews.al\/index.php\/wp-json\/wp\/v2\/types\/post"}],"author":[{"embeddable":true,"href":"https:\/\/rdnews.al\/index.php\/wp-json\/wp\/v2\/users\/4"}],"replies":[{"embeddable":true,"href":"https:\/\/rdnews.al\/index.php\/wp-json\/wp\/v2\/comments?post=115578"}],"version-history":[{"count":1,"href":"https:\/\/rdnews.al\/index.php\/wp-json\/wp\/v2\/posts\/115578\/revisions"}],"predecessor-version":[{"id":115579,"href":"https:\/\/rdnews.al\/index.php\/wp-json\/wp\/v2\/posts\/115578\/revisions\/115579"}],"wp:featuredmedia":[{"embeddable":true,"href":"https:\/\/rdnews.al\/index.php\/wp-json\/wp\/v2\/media\/88965"}],"wp:attachment":[{"href":"https:\/\/rdnews.al\/index.php\/wp-json\/wp\/v2\/media?parent=115578"}],"wp:term":[{"taxonomy":"category","embeddable":true,"href":"https:\/\/rdnews.al\/index.php\/wp-json\/wp\/v2\/categories?post=115578"},{"taxonomy":"post_tag","embeddable":true,"href":"https:\/\/rdnews.al\/index.php\/wp-json\/wp\/v2\/tags?post=115578"}],"curies":[{"name":"wp","href":"https:\/\/api.w.org\/{rel}","templated":true}]}}