{"id":115599,"date":"2025-06-02T11:03:08","date_gmt":"2025-06-02T11:03:08","guid":{"rendered":"https:\/\/rdnews.al\/?p=115599"},"modified":"2025-06-02T11:03:29","modified_gmt":"2025-06-02T11:03:29","slug":"berisha-licencat-e-kanabisit-i-kane-marre-njerezit-e-lidhur-me-edi-ramen-dhe-partine-e-krimit-nuk-ka-pasur-tender-per-to","status":"publish","type":"post","link":"https:\/\/rdnews.al\/index.php\/2025\/06\/02\/berisha-licencat-e-kanabisit-i-kane-marre-njerezit-e-lidhur-me-edi-ramen-dhe-partine-e-krimit-nuk-ka-pasur-tender-per-to\/","title":{"rendered":"Berisha: Licencat e kanabisit i kan\u00eb marr\u00eb njer\u00ebzit e lidhur me Ram\u00ebn dhe partin\u00eb e krimit! Nuk ka pasur tender p\u00ebr to!"},"content":{"rendered":"<p>Lideri i opozit\u00ebs, Sali Berisha, gjat\u00eb konferenc\u00ebs p\u00ebr shtyp tha se, licencat e kanabisit i kan\u00eb marr\u00eb njer\u00ebzit e lidhur me Edi Ram\u00ebn dhe partin\u00eb e krimit, nuk ka pasur tender p\u00ebr to!<\/p>\n<p><strong>Berisha:\u00a0<\/strong>Jan\u00eb dh\u00ebn\u00eb ato t\u00eb gjitha licencat. Nuk jemi marr\u00eb konkretisht me emrat, por licenc\u00eb kush p\u00ebrve\u00e7 njer\u00ebzve t\u00eb lidhur me drog\u00ebn dhe Ram\u00ebn nuk merr. Besoj se \u00ebsht\u00eb e qart\u00eb ajo. Aty nuk ka pasur tender p\u00ebr marrjen e tyre.<\/p>\n<p><strong>Armand Maho:<\/strong> Prapa k\u00ebsaj mund t\u00eb q\u00ebndrojn\u00eb gjithmon\u00eb grupet kriminale, q\u00eb p\u00ebrcaktojn\u00eb zonat se ku kanabisi ka THC-n\u00eb m\u00eb \u00ebt lart\u00eb, q\u00eb duhet ta kesh 25 p\u00ebrqind. Pra, kjo procedur\u00eb, si\u00e7 \u00ebsht\u00eb ndjekur n\u00eb Kanada ose vende t\u00eb tjera, b\u00ebhet licenca transparente dhe p\u00ebrcaktohet zona e parcel\u00ebs ku duhet t\u00eb mbjell\u00ebsh kanabisin. Por jo t\u00eb miratosh 29.400 hektar\u00eb dhe t\u00eb dal\u00ebsh me lista n\u00ebp\u00ebr duar ti, t\u00eb thuash, ku e ke tok\u00ebn ti, k\u00ebtu&#8230;<\/p>\n<p>Berisha: Problemi \u00ebsht\u00eb se mbillen 1 miliard e 300 mij\u00eb rr\u00ebnj\u00eb dhe un\u00eb e lash\u00eb me t\u00eb lirsh\u00ebm, 2 met\u00ebr katror\u00eb rr\u00ebnja, se jan\u00eb disa m\u00eb t\u00eb vogla, se k\u00ebta i kan\u00eb sofistikuar farnat tani, sjellin farna 45-ditore, q\u00eb e mbjellin 2-3 her\u00eb brenda vitit. Por kjo \u00ebsht\u00eb sasi e pad\u00ebgjuar ndonj\u00ebher\u00eb. At\u00eb e marrin t\u00eb gjith\u00eb partia e krimit. Kush e merr? Jan\u00eb plantacione t\u00eb partis\u00eb s\u00eb krimit. Nuk mund t\u00eb jet\u00eb tjet\u00ebr kush.<\/p>\n","protected":false},"excerpt":{"rendered":"<p>Lideri i opozit\u00ebs, Sali Berisha, gjat\u00eb konferenc\u00ebs p\u00ebr shtyp tha se, licencat e kanabisit i kan\u00eb marr\u00eb njer\u00ebzit e lidhur me Edi Ram\u00ebn dhe partin\u00eb e krimit, nuk ka pasur tender p\u00ebr to! Berisha:\u00a0Jan\u00eb dh\u00ebn\u00eb ato t\u00eb gjitha licencat. Nuk jemi marr\u00eb konkretisht me emrat, por licenc\u00eb kush p\u00ebrve\u00e7 njer\u00ebzve t\u00eb lidhur me drog\u00ebn dhe &hellip;<\/p>\n","protected":false},"author":4,"featured_media":115600,"comment_status":"closed","ping_status":"closed","sticky":false,"template":"","format":"standard","meta":{"footnotes":""},"categories":[37],"tags":[],"class_list":["post-115599","post","type-post","status-publish","format-standard","has-post-thumbnail","","category-politike"],"_links":{"self":[{"href":"https:\/\/rdnews.al\/index.php\/wp-json\/wp\/v2\/posts\/115599","targetHints":{"allow":["GET"]}}],"collection":[{"href":"https:\/\/rdnews.al\/index.php\/wp-json\/wp\/v2\/posts"}],"about":[{"href":"https:\/\/rdnews.al\/index.php\/wp-json\/wp\/v2\/types\/post"}],"author":[{"embeddable":true,"href":"https:\/\/rdnews.al\/index.php\/wp-json\/wp\/v2\/users\/4"}],"replies":[{"embeddable":true,"href":"https:\/\/rdnews.al\/index.php\/wp-json\/wp\/v2\/comments?post=115599"}],"version-history":[{"count":2,"href":"https:\/\/rdnews.al\/index.php\/wp-json\/wp\/v2\/posts\/115599\/revisions"}],"predecessor-version":[{"id":115602,"href":"https:\/\/rdnews.al\/index.php\/wp-json\/wp\/v2\/posts\/115599\/revisions\/115602"}],"wp:featuredmedia":[{"embeddable":true,"href":"https:\/\/rdnews.al\/index.php\/wp-json\/wp\/v2\/media\/115600"}],"wp:attachment":[{"href":"https:\/\/rdnews.al\/index.php\/wp-json\/wp\/v2\/media?parent=115599"}],"wp:term":[{"taxonomy":"category","embeddable":true,"href":"https:\/\/rdnews.al\/index.php\/wp-json\/wp\/v2\/categories?post=115599"},{"taxonomy":"post_tag","embeddable":true,"href":"https:\/\/rdnews.al\/index.php\/wp-json\/wp\/v2\/tags?post=115599"}],"curies":[{"name":"wp","href":"https:\/\/api.w.org\/{rel}","templated":true}]}}