{"id":115603,"date":"2025-06-02T11:14:09","date_gmt":"2025-06-02T11:14:09","guid":{"rendered":"https:\/\/rdnews.al\/?p=115603"},"modified":"2025-06-02T11:14:09","modified_gmt":"2025-06-02T11:14:09","slug":"korrupsioni-me-fondet-e-ipard-berisha-dosjen-e-mban-te-bllokuar-altin-dumani-me-urdher-te-edi-rames","status":"publish","type":"post","link":"https:\/\/rdnews.al\/index.php\/2025\/06\/02\/korrupsioni-me-fondet-e-ipard-berisha-dosjen-e-mban-te-bllokuar-altin-dumani-me-urdher-te-edi-rames\/","title":{"rendered":"Korrupsioni me fondet e IPARD\/ Berisha: Dosjen e mban t\u00eb bllokuar Altin Dumani me urdh\u00ebr t\u00eb Edi Ram\u00ebs!"},"content":{"rendered":"<p>Lideri i opozit\u00ebs, Sali Berisha, ka ngritur akuza t\u00eb forta ndaj kryeministrit Edi Rama dhe kreut t\u00eb SPAK, Altin Dumani, lidhur me nj\u00eb dosje korrupsioni q\u00eb sipas tij lidhet me fondet IPARD.<\/p>\n<p>N\u00eb nj\u00eb deklarat\u00eb p\u00ebr mediat, Berisha e cil\u00ebsoi k\u00ebt\u00eb afer\u00eb si \u201cnj\u00eb nga aktet m\u00eb t\u00eb sh\u00ebmtuara t\u00eb korrupsionit n\u00eb vend\u201d, duke th\u00ebn\u00eb se dosja \u00ebsht\u00eb bllokuar me urdh\u00ebr politik. Ai tha se, dosjen e mban Altin Dumani me urdh\u00ebr t\u00eb Edi Ram\u00ebs<\/p>\n<p>\u201cKorrupsioni me fondet e IPARD \u00ebsht\u00eb nj\u00eb nga aktet m\u00eb t\u00eb sh\u00ebmtuara.<\/p>\n<p>Dosjen e mban Altin Dumani me urdh\u00ebr t\u00eb Edi Ram\u00ebs.<\/p>\n<p>Dosja \u00ebsht\u00eb dor\u00ebzuar n\u00eb SPAK nga ish-ambasadorja e BE para largimit t\u00eb saj. Por nj\u00eb dor\u00eb e zez\u00eb e ka bllokuar at\u00eb dhe ajo nuk l\u00ebviz.<\/p>\n<p>Ka privuar fermer\u00ebt shqiptar\u00eb nga 130 milion\u00eb euro.<\/p>\n<p>Kurse autorja kryesore, pas Ram\u00ebs, e atyre vjedhje t\u00eb fondeve t\u00eb IPARD-it, \u00ebsht\u00eb k\u00ebshilltare n\u00eb kryeministri.<\/p>\n<p>Po p\u00ebrgatit nj\u00eb lib\u00ebr, nj\u00eb tekst p\u00ebr akademin\u00eb e barinjve.<\/p>\n<p>Po, po, se tani ka aktivitet akademik ajo Krifca\u201d, tha Berisha.<\/p>\n","protected":false},"excerpt":{"rendered":"<p>Lideri i opozit\u00ebs, Sali Berisha, ka ngritur akuza t\u00eb forta ndaj kryeministrit Edi Rama dhe kreut t\u00eb SPAK, Altin Dumani, lidhur me nj\u00eb dosje korrupsioni q\u00eb sipas tij lidhet me fondet IPARD. N\u00eb nj\u00eb deklarat\u00eb p\u00ebr mediat, Berisha e cil\u00ebsoi k\u00ebt\u00eb afer\u00eb si \u201cnj\u00eb nga aktet m\u00eb t\u00eb sh\u00ebmtuara t\u00eb korrupsionit n\u00eb vend\u201d, duke th\u00ebn\u00eb &hellip;<\/p>\n","protected":false},"author":4,"featured_media":92646,"comment_status":"closed","ping_status":"closed","sticky":false,"template":"","format":"standard","meta":{"footnotes":""},"categories":[37],"tags":[],"class_list":["post-115603","post","type-post","status-publish","format-standard","has-post-thumbnail","","category-politike"],"_links":{"self":[{"href":"https:\/\/rdnews.al\/index.php\/wp-json\/wp\/v2\/posts\/115603","targetHints":{"allow":["GET"]}}],"collection":[{"href":"https:\/\/rdnews.al\/index.php\/wp-json\/wp\/v2\/posts"}],"about":[{"href":"https:\/\/rdnews.al\/index.php\/wp-json\/wp\/v2\/types\/post"}],"author":[{"embeddable":true,"href":"https:\/\/rdnews.al\/index.php\/wp-json\/wp\/v2\/users\/4"}],"replies":[{"embeddable":true,"href":"https:\/\/rdnews.al\/index.php\/wp-json\/wp\/v2\/comments?post=115603"}],"version-history":[{"count":1,"href":"https:\/\/rdnews.al\/index.php\/wp-json\/wp\/v2\/posts\/115603\/revisions"}],"predecessor-version":[{"id":115604,"href":"https:\/\/rdnews.al\/index.php\/wp-json\/wp\/v2\/posts\/115603\/revisions\/115604"}],"wp:featuredmedia":[{"embeddable":true,"href":"https:\/\/rdnews.al\/index.php\/wp-json\/wp\/v2\/media\/92646"}],"wp:attachment":[{"href":"https:\/\/rdnews.al\/index.php\/wp-json\/wp\/v2\/media?parent=115603"}],"wp:term":[{"taxonomy":"category","embeddable":true,"href":"https:\/\/rdnews.al\/index.php\/wp-json\/wp\/v2\/categories?post=115603"},{"taxonomy":"post_tag","embeddable":true,"href":"https:\/\/rdnews.al\/index.php\/wp-json\/wp\/v2\/tags?post=115603"}],"curies":[{"name":"wp","href":"https:\/\/api.w.org\/{rel}","templated":true}]}}