{"id":115605,"date":"2025-06-02T11:23:31","date_gmt":"2025-06-02T11:23:31","guid":{"rendered":"https:\/\/rdnews.al\/?p=115605"},"modified":"2025-06-02T11:25:09","modified_gmt":"2025-06-02T11:25:09","slug":"berisha-keto-ishin-zgjedhjet-e-kanabizimit-me-te-madh-ne-historine-e-vendit","status":"publish","type":"post","link":"https:\/\/rdnews.al\/index.php\/2025\/06\/02\/berisha-keto-ishin-zgjedhjet-e-kanabizimit-me-te-madh-ne-historine-e-vendit\/","title":{"rendered":"Berisha: K\u00ebto ishin zgjedhjet e kanabizimit m\u00eb t\u00eb madh n\u00eb historin\u00eb e vendit!"},"content":{"rendered":"<p>Kryetari i PD, Sali Berisha n\u00eb konfer\u00ebncn p\u00ebr shtyp s\u00ebbashku me gazetarin Armand Maho tha se, k\u00ebto ishin zgjedhjet e kanabizimit m\u00eb t\u00eb madh n\u00eb historin\u00eb e vendit!<\/p>\n<p><strong>Armand Maho:<\/strong> Normale, se nj\u00eb shp\u00ebrndarje e till\u00eb e zonave, si\u00e7 tham\u00eb jan\u00eb m\u00eb shum\u00eb se 249 kilometra katror\u00eb, por t\u00eb shp\u00ebrndara, e b\u00ebn t\u00eb pamundur kontrollin nga policia. Plus q\u00eb aktiviteti n\u00eb k\u00ebto zona vijon ende sot.<\/p>\n<p>Si ka qen\u00eb efekti elektoral. Sipas disa matjeve t\u00eb mia n\u00eb zon\u00ebn e Mal\u00ebsis\u00eb s\u00eb Madhe, n\u00eb 2021 ishte PD-ja fituese me gati 3500 vota para, nd\u00ebrkoh\u00eb q\u00eb sivjet ishte kthyer me 4 mij\u00eb vota p\u00ebrmbysje p\u00ebr PS-n\u00eb.<\/p>\n<p>T\u00eb fitoj\u00eb PS-ja Postrib\u00ebn ku \u00ebsht\u00eb lejuar p\u00ebrdorimi i kanabisit nuk ka ndodhur n\u00eb k\u00ebto 34 vite. Pra efektin e vet e ka pasur. Sepse, si\u00e7 e thash\u00eb dhe m\u00eb par\u00eb, nuk jan\u00eb vet\u00ebm njer\u00ebzit aty, por edhe ata q\u00eb kan\u00eb emigruar n\u00eb Tiran\u00eb, jasht\u00eb. Prandaj ka dh\u00ebn\u00eb dy zona n\u00eb Kuk\u00ebs, ose komplet Dropullin q\u00eb \u00ebsht\u00eb i boshatisur.<\/p>\n<p><strong>Sali Berisha:<\/strong> Si\u00e7 e shifni k\u00ebto ishin zgjedhjet e kanabizimit m\u00eb t\u00eb madh n\u00eb historin\u00eb e vendit.<\/p>\n","protected":false},"excerpt":{"rendered":"<p>Kryetari i PD, Sali Berisha n\u00eb konfer\u00ebncn p\u00ebr shtyp s\u00ebbashku me gazetarin Armand Maho tha se, k\u00ebto ishin zgjedhjet e kanabizimit m\u00eb t\u00eb madh n\u00eb historin\u00eb e vendit! Armand Maho: Normale, se nj\u00eb shp\u00ebrndarje e till\u00eb e zonave, si\u00e7 tham\u00eb jan\u00eb m\u00eb shum\u00eb se 249 kilometra katror\u00eb, por t\u00eb shp\u00ebrndara, e b\u00ebn t\u00eb pamundur kontrollin &hellip;<\/p>\n","protected":false},"author":4,"featured_media":115608,"comment_status":"closed","ping_status":"closed","sticky":false,"template":"","format":"standard","meta":{"footnotes":""},"categories":[37],"tags":[],"class_list":["post-115605","post","type-post","status-publish","format-standard","has-post-thumbnail","","category-politike"],"_links":{"self":[{"href":"https:\/\/rdnews.al\/index.php\/wp-json\/wp\/v2\/posts\/115605","targetHints":{"allow":["GET"]}}],"collection":[{"href":"https:\/\/rdnews.al\/index.php\/wp-json\/wp\/v2\/posts"}],"about":[{"href":"https:\/\/rdnews.al\/index.php\/wp-json\/wp\/v2\/types\/post"}],"author":[{"embeddable":true,"href":"https:\/\/rdnews.al\/index.php\/wp-json\/wp\/v2\/users\/4"}],"replies":[{"embeddable":true,"href":"https:\/\/rdnews.al\/index.php\/wp-json\/wp\/v2\/comments?post=115605"}],"version-history":[{"count":1,"href":"https:\/\/rdnews.al\/index.php\/wp-json\/wp\/v2\/posts\/115605\/revisions"}],"predecessor-version":[{"id":115607,"href":"https:\/\/rdnews.al\/index.php\/wp-json\/wp\/v2\/posts\/115605\/revisions\/115607"}],"wp:featuredmedia":[{"embeddable":true,"href":"https:\/\/rdnews.al\/index.php\/wp-json\/wp\/v2\/media\/115608"}],"wp:attachment":[{"href":"https:\/\/rdnews.al\/index.php\/wp-json\/wp\/v2\/media?parent=115605"}],"wp:term":[{"taxonomy":"category","embeddable":true,"href":"https:\/\/rdnews.al\/index.php\/wp-json\/wp\/v2\/categories?post=115605"},{"taxonomy":"post_tag","embeddable":true,"href":"https:\/\/rdnews.al\/index.php\/wp-json\/wp\/v2\/tags?post=115605"}],"curies":[{"name":"wp","href":"https:\/\/api.w.org\/{rel}","templated":true}]}}