{"id":115641,"date":"2025-06-02T20:02:54","date_gmt":"2025-06-02T20:02:54","guid":{"rendered":"https:\/\/rdnews.al\/?p=115641"},"modified":"2025-06-02T20:05:19","modified_gmt":"2025-06-02T20:05:19","slug":"nis-gjykimi-i-dosjes-toyota-ne-bruksel-media-belge-drejesia-ne-shqiperi-prove-per-ambiciet-evropiane","status":"publish","type":"post","link":"https:\/\/rdnews.al\/index.php\/2025\/06\/02\/nis-gjykimi-i-dosjes-toyota-ne-bruksel-media-belge-drejesia-ne-shqiperi-prove-per-ambiciet-evropiane\/","title":{"rendered":"Nis gjykimi i dosjes \u201cToyota\u201d n\u00eb Bruksel&#8217;\/ Media belge: Organizatat kriminale kontrollojn\u00eb Shqip\u00ebrin\u00eb"},"content":{"rendered":"<p><strong>Media belge &#8220;L&#8217;Echo&#8221; i ka dedikuar nj\u00eb artikull aktualitetit n\u00eb Shqip\u00ebri dhe ambicies s\u00eb vendit ton\u00eb p\u00ebr t&#8217;u b\u00ebr\u00eb pjes\u00eb e Bashkimit Europian. Nd\u00ebr t\u00eb tjera &#8220;L&#8217;Echo&#8221; shkruan se, nga e h\u00ebna n\u00eb Begjik\u00eb nisi gjykimi p\u00ebr dosjen &#8220;Toyota&#8221;, pas sekuestrimit n\u00eb Shqip\u00ebri t\u00eb parave nga trafiku i drog\u00ebs.<\/strong><\/p>\n<p>Media belge shton se, pjesa shqiptare e hetimit ka rezultuar n\u00eb d\u00ebnime p\u00ebr korrupsion, nd\u00ebrsa vendi shpreson t\u00eb bashkohet s\u00eb shpejti me BE-n\u00eb. &#8220;L&#8217;Echo&#8221; e cil\u00ebson dosjen si nj\u00eb rast klasik i pastrimit t\u00eb parave dhe nj\u00eb shembull tjet\u00ebr i rr\u00ebnjosjes s\u00eb mafies shqiptare n\u00eb tok\u00ebn belge.<\/p>\n<p>N\u00eb artikull shkrihet se k\u00ebto d\u00ebnime t\u00eb fundit paraqesin sfida shtes\u00eb p\u00ebr p\u00ebrpjekjet e Shqip\u00ebris\u00eb p\u00ebr t&#8217;u an\u00ebtar\u00ebsuar n\u00eb Bashkimin Evropian (BE), t\u00eb cilat datojn\u00eb shum\u00eb koh\u00eb m\u00eb par\u00eb. Media belge shton se negociatat u hap\u00ebn zyrtarisht n\u00eb korrik 2022, me nj\u00eb arritje q\u00eb pritet n\u00eb vitin 2030. Nd\u00ebrkoh\u00eb, &#8220;L&#8217;Echo&#8221;, shkruan se p\u00ebrpjekjet e Shqip\u00ebris\u00eb kan\u00eb qen\u00eb t\u00eb r\u00ebnd\u00ebsishme, ve\u00e7an\u00ebrisht n\u00eb rivendosjen e besimit tek autoritetet gjyq\u00ebsore.<\/p>\n<p><strong>Artikulli i plot\u00eb i<a href=\"https:\/\/www.lecho.be\/economie-politique\/europe\/general\/le-proces-belge-toyota-un-test-pour-les-ambitions-europeennes-de-l-albanie\/10609275.html\" target=\"_blank\" rel=\"noopener\">\u00a0L&#8217;Echo<\/a>:<\/strong><\/p>\n<p>Gjyqi &#8220;Toyota&#8221;, pas sekuestrimit n\u00eb Shqip\u00ebri t\u00eb parave nga trafiku i drog\u00ebs n\u00eb Belgjik\u00eb, hapet n\u00eb Bruksel. Pjesa shqiptare e hetimit ka rezultuar n\u00eb d\u00ebnime p\u00ebr korrupsion, nd\u00ebrsa Shqip\u00ebria shpreson t\u00eb bashkohet s\u00eb shpejti me BE-n\u00eb.<\/p>\n<p>Rasti \u201cToyota\u201d do t\u00eb filloj\u00eb procedurat e tij para Gjykat\u00ebs Penale t\u00eb Brukselit k\u00ebt\u00eb t\u00eb h\u00ebn\u00eb. \u00c7\u00ebshtja daton q\u00eb nga viti 2018, kur gati 3.5 milion\u00eb euro n\u00eb para t\u00eb gatshme u zbuluan n\u00eb dy automjete Toyota Auris q\u00eb mb\u00ebrrit\u00ebn nga Belgjika dhe q\u00eb duhej t\u00eb ankoroheshin n\u00eb portin e Durresit, Shqip\u00ebri.<\/p>\n<p>Nj\u00eb rast klasik i pastrimit t\u00eb parave dhe nj\u00eb shembull tjet\u00ebr i rr\u00ebnjosjes s\u00eb mafies shqiptare n\u00eb tok\u00ebn belge. Por edhe nj\u00eb prov\u00eb tjet\u00ebr p\u00ebr d\u00ebshir\u00ebn e Shqip\u00ebris\u00eb p\u00ebr t&#8217;u bashkuar me Bashkimin Evropian, realizueshm\u00ebria e t\u00eb cilit po p\u00ebrparon, por ende pengohet nga rritja e korrupsionit dhe kontrolli i organizatave kriminale, nj\u00eb kancer, metastazat e t\u00eb cilit gjenden n\u00eb t\u00eb gjitha shtresat e shoq\u00ebris\u00eb n\u00eb k\u00ebt\u00eb shtet t\u00eb vog\u00ebl ballkanik.<\/p>\n<p><strong>Parat\u00eb nga trafiku i drog\u00ebs n\u00eb Belgjik\u00eb<\/strong><\/p>\n<p>Le ta kthejm\u00eb historin\u00eb pas. M\u00eb 13 qershor 2018, dy burra u nis\u00ebn me nj\u00eb automjet t\u00eb r\u00ebnd\u00eb mallrash nga Shqip\u00ebria dhe mb\u00ebrrit\u00ebn n\u00eb Belgjik\u00eb tre dit\u00eb m\u00eb von\u00eb. M\u00eb 17 qershor, nj\u00eb shtetas shqiptar q\u00eb jetonte n\u00eb Belgjik\u00eb ngarkoi disa automjete Toyota nga nj\u00eb garazh n\u00eb Sint-Pieters-Leeuw, dhe kamioni kaloi p\u00ebrs\u00ebri Evrop\u00ebn, duke kaluar n\u00ebp\u00ebr Gjermani, Austri dhe Itali, ku hipi n\u00eb nj\u00eb traget n\u00eb portin e Barit, me destinacion portin e vog\u00ebl t\u00eb Durresit, n\u00eb an\u00ebn tjet\u00ebr t\u00eb Detit Adriatik.<\/p>\n<p>Por sh\u00ebrbimi sekret shqiptar, i cili kishte informacione konfidenciale, njoftoi dogan\u00ebn. Gjat\u00eb zhdoganimit, ata zbuluan 3,366,700 euro dhe 80,000 franga zvicerane n\u00eb para t\u00eb gatshme, t\u00eb paketuara n\u00eb 106 pako t\u00eb fshehura brenda dyerve t\u00eb dy makinave Toyota Auris. K\u00ebto ndoshta mund t\u00eb jen\u00eb para nga trafiku i drog\u00ebs n\u00eb Belgjik\u00eb.<\/p>\n<p><strong>Avokat dhe prokuror u d\u00ebnuan n\u00eb Shqip\u00ebri<\/strong><\/p>\n<p>\u00c7\u00ebshtja belge fillon nd\u00ebrsa homologu i saj m\u00eb i gjer\u00eb shqiptar p\u00ebrjetoi nj\u00eb episod vendimtar jav\u00ebn e kaluar. Gjykata Penale e Kosov\u00ebs d\u00ebnoi avokatin shqiptar Radovan Cela \u2014 i cili po ndiqet penalisht n\u00eb \u00e7\u00ebshtjen belge \u2014 me kat\u00ebr vjet burg p\u00ebr korrupsion aktiv. N\u00eb t\u00eb nj\u00ebjt\u00ebn \u00e7\u00ebshtje shqiptare, ish-prokurori i Vlor\u00ebs Aurel Zarka u d\u00ebnua gjithashtu me kat\u00ebr vjet burg.<\/p>\n<p>Sipas shtypit shqiptar, ishte p\u00ebrgjimi i telefonit t\u00eb Radovan \u00c7el\u00ebs n\u00eb Sky ECC, i v\u00ebn\u00eb n\u00eb dispozicion t\u00eb autoriteteve shqiptare nga Belgjika, q\u00eb lejoi zbulimin e tentativ\u00ebs p\u00ebr korrupsion, pasi avokati i kishte ofruar para prokurorit p\u00ebr t\u00eb arritur heqjen e sekuestrimeve.<\/p>\n<p><strong>Nj\u00eb tjet\u00ebr penges\u00eb p\u00ebr an\u00ebtar\u00ebsimin n\u00eb BE<\/strong><\/p>\n<p>K\u00ebto d\u00ebnime t\u00eb fundit paraqesin sfida shtes\u00eb p\u00ebr p\u00ebrpjekjet e Shqip\u00ebris\u00eb p\u00ebr t&#8217;u an\u00ebtar\u00ebsuar n\u00eb Bashkimin Evropian (BE), t\u00eb cilat datojn\u00eb shum\u00eb koh\u00eb m\u00eb par\u00eb: vendi paraqiti aplikimin e tij n\u00eb vitin 2009 dhe iu ofrua statusi i kandidatit n\u00eb vitin 2014.<\/p>\n<p>Negociatat u hap\u00ebn zyrtarisht n\u00eb korrik 2022 , me nj\u00eb arritje q\u00eb pritet n\u00eb vitin 2030. Nd\u00ebrkoh\u00eb, p\u00ebrpjekjet e Shqip\u00ebris\u00eb kan\u00eb qen\u00eb t\u00eb r\u00ebnd\u00ebsishme, ve\u00e7an\u00ebrisht n\u00eb rivendosjen e besimit tek autoritetet gjyq\u00ebsore.<\/p>\n<p>&#8220;P\u00ebr t\u00eb p\u00ebrmbushur k\u00ebrkesat e BE-s\u00eb, Shqip\u00ebria ka nd\u00ebrmarr\u00eb reforma shum\u00eb t\u00eb r\u00ebnd\u00ebsishme. Sipas mendimit tim, m\u00eb e r\u00ebnd\u00ebsishmja e dhjet\u00eb viteve t\u00eb fundit \u00ebsht\u00eb reforma e sistemit gjyq\u00ebsor. Ajo \u00ebsht\u00eb mb\u00ebshtetur institucionalisht dhe ekonomikisht nga BE-ja dhe Shtetet e Bashkuara, duke krijuar institucione t\u00eb reja p\u00ebr t\u00eb garantuar pavar\u00ebsin\u00eb e sistemit gjyq\u00ebsor&#8221;, p\u00ebrmbledh Roland Dodani, profesor i s\u00eb drejt\u00ebs evropiane n\u00eb Universitetin e Shkodr\u00ebs.<\/p>\n<p>\u00c7el\u00ebsi \u00ebsht\u00eb krijimi i nj\u00eb gjykate t\u00eb re supreme dhe nj\u00eb prokurorie, SPAK-ut (Struktura Speciale Kund\u00ebr Korrupsionit dhe Krimit t\u00eb Organizuar), me kompetenca t\u00eb konsiderueshme. Kjo ka \u00e7uar duksh\u00ebm n\u00eb padin\u00eb, dhe ndonj\u00ebher\u00eb n\u00eb d\u00ebnimin, e zyrtar\u00ebve t\u00eb r\u00ebnd\u00ebsish\u00ebm politik\u00eb (nj\u00eb ish-President i Republik\u00ebs, nj\u00eb ish-Kryeminist\u00ebr) dhe gjyq\u00ebsor\u00eb (prokuror\u00eb, oficer\u00eb policie, etj.). M\u00eb shum\u00eb se 50% e magjistrat\u00ebve shqiptar\u00eb jan\u00eb shkarkuar nga puna.<\/p>\n<p>N\u00eb t\u00eb nj\u00ebjt\u00ebn koh\u00eb, t\u00eb gjitha pasurit\u00eb, lidhjet dhe kualifikimet e magjistrat\u00ebve t\u00eb vendit u inspektuan nga nj\u00eb i ashtuquajtur komision &#8220;vetingu&#8221; . &#8220;Ky proces e ka ndryshuar rr\u00ebnj\u00ebsisht sistemin gjyq\u00ebsor shqiptar&#8221;, komenton Roland Dodani. Si rezultat, gati 300 nga 800 magjistrat\u00ebt shqiptar\u00eb t\u00eb inspektuar deri m\u00eb tani jan\u00eb shkarkuar. Nj\u00eb spastrim i v\u00ebrtet\u00eb, i p\u00ebrjetuar me dhimbje n\u00eb Shqip\u00ebri.<\/p>\n<p>\u201cKy rezultat i r\u00ebnd\u00ebsish\u00ebm ka krijuar disa probleme, ve\u00e7an\u00ebrisht p\u00ebr shkak t\u00eb munges\u00ebs s\u00eb magjistrat\u00ebve n\u00eb gjykata dhe nj\u00eb ngadal\u00ebsimi t\u00eb ndjesh\u00ebm n\u00eb procedurat ligjore\u201d, shpjegon studiuesi shqiptar.<\/p>\n<p>Procesi i integrimit t\u00eb Shqip\u00ebris\u00eb n\u00eb Evrop\u00eb \u00ebsht\u00eb ende n\u00eb vazhdim, me konferenc\u00ebn e pest\u00eb t\u00eb pranimit q\u00eb u zhvillua jav\u00ebn e kaluar. M\u00eb 15 maj, n\u00eb X, Presidentja e Komisionit Evropian Ursula von der Leyen deklaroi madje se &#8220;vendi i Shqip\u00ebris\u00eb \u00ebsht\u00eb n\u00eb BE &#8220;. Nd\u00ebrkoh\u00eb, Kryeministri i Republik\u00ebs, socialisti Edi Rama, po b\u00ebn gjith\u00e7ka q\u00eb \u00ebsht\u00eb e mundur p\u00ebr t\u00eb mund\u00ebsuar pranimin e vendit t\u00eb tij n\u00eb Bashkim, duke u p\u00ebrpjekur ve\u00e7an\u00ebrisht t\u00eb forcoj\u00eb lidhjet e tij me Kryeministren italiane t\u00eb K\u00ebshillit Georgia Meloni p\u00ebr \u00e7\u00ebshtjet e emigracionit.<\/p>\n<p>\u201cShqip\u00ebria duhet t\u00eb p\u00ebrfundoj\u00eb reformat e k\u00ebrkuara nga BE-ja sa m\u00eb shpejt t\u00eb jet\u00eb e mundur, n\u00eb m\u00ebnyr\u00eb q\u00eb t\u00eb b\u00ebhet nj\u00eb shtet an\u00ebtar sa m\u00eb shpejt t\u00eb jet\u00eb e mundur\u201d, tha Roland Dodani. \u201cUn\u00eb besoj fuqimisht se BE-ja duhet t\u00eb p\u00ebrpiqet t\u00eb shtoj\u00eb an\u00ebtar\u00eb t\u00eb rinj n\u00eb familjen e saj evropiane, pasi kjo do t\u00eb forcoj\u00eb pozicionin e saj dhe do t\u00eb siguroj\u00eb m\u00eb tej stabilitetin n\u00eb rajonin ton\u00eb.\u201d<\/p>\n<p>Ekziston edhe lufta kund\u00ebr organizatave kriminale. &#8220;Kjo \u00ebsht\u00eb nj\u00eb nga \u00e7\u00ebshtjet q\u00eb Shqip\u00ebria nuk mund ta trajtoj\u00eb e vetme dhe do t\u00eb ket\u00eb nevoj\u00eb p\u00ebr mb\u00ebshtetjen e BE-s\u00eb dhe shteteve t\u00eb tjera an\u00ebtare evropiane, ve\u00e7an\u00ebrisht konkurrenca e padrejt\u00eb dhe lufta kund\u00ebr krimit t\u00eb organizuar, e cila ka arritur n\u00eb nj\u00eb nivel nd\u00ebrkomb\u00ebtar dhe mund t\u00eb trajtohet vet\u00ebm n\u00eb nj\u00eb nivel nd\u00ebrkomb\u00ebtar&#8221;. Magjistrat\u00ebt belg\u00eb nga Zyra e Prokurorit Federal udh\u00ebtojn\u00eb rregullisht n\u00eb Tiran\u00eb p\u00ebr t\u00eb forcuar lidhjet midis sistemeve t\u00eb drejt\u00ebsis\u00eb t\u00eb dy vendeve.\/ Dosja.al\/<\/p>\n","protected":false},"excerpt":{"rendered":"<p>Media belge &#8220;L&#8217;Echo&#8221; i ka dedikuar nj\u00eb artikull aktualitetit n\u00eb Shqip\u00ebri dhe ambicies s\u00eb vendit ton\u00eb p\u00ebr t&#8217;u b\u00ebr\u00eb pjes\u00eb e Bashkimit Europian. Nd\u00ebr t\u00eb tjera &#8220;L&#8217;Echo&#8221; shkruan se, nga e h\u00ebna n\u00eb Begjik\u00eb nisi gjykimi p\u00ebr dosjen &#8220;Toyota&#8221;, pas sekuestrimit n\u00eb Shqip\u00ebri t\u00eb parave nga trafiku i drog\u00ebs. Media belge shton se, pjesa shqiptare &hellip;<\/p>\n","protected":false},"author":4,"featured_media":96513,"comment_status":"closed","ping_status":"closed","sticky":false,"template":"","format":"standard","meta":{"footnotes":""},"categories":[37],"tags":[],"class_list":["post-115641","post","type-post","status-publish","format-standard","has-post-thumbnail","","category-politike"],"_links":{"self":[{"href":"https:\/\/rdnews.al\/index.php\/wp-json\/wp\/v2\/posts\/115641","targetHints":{"allow":["GET"]}}],"collection":[{"href":"https:\/\/rdnews.al\/index.php\/wp-json\/wp\/v2\/posts"}],"about":[{"href":"https:\/\/rdnews.al\/index.php\/wp-json\/wp\/v2\/types\/post"}],"author":[{"embeddable":true,"href":"https:\/\/rdnews.al\/index.php\/wp-json\/wp\/v2\/users\/4"}],"replies":[{"embeddable":true,"href":"https:\/\/rdnews.al\/index.php\/wp-json\/wp\/v2\/comments?post=115641"}],"version-history":[{"count":2,"href":"https:\/\/rdnews.al\/index.php\/wp-json\/wp\/v2\/posts\/115641\/revisions"}],"predecessor-version":[{"id":115643,"href":"https:\/\/rdnews.al\/index.php\/wp-json\/wp\/v2\/posts\/115641\/revisions\/115643"}],"wp:featuredmedia":[{"embeddable":true,"href":"https:\/\/rdnews.al\/index.php\/wp-json\/wp\/v2\/media\/96513"}],"wp:attachment":[{"href":"https:\/\/rdnews.al\/index.php\/wp-json\/wp\/v2\/media?parent=115641"}],"wp:term":[{"taxonomy":"category","embeddable":true,"href":"https:\/\/rdnews.al\/index.php\/wp-json\/wp\/v2\/categories?post=115641"},{"taxonomy":"post_tag","embeddable":true,"href":"https:\/\/rdnews.al\/index.php\/wp-json\/wp\/v2\/tags?post=115641"}],"curies":[{"name":"wp","href":"https:\/\/api.w.org\/{rel}","templated":true}]}}