{"id":115647,"date":"2025-06-02T20:37:30","date_gmt":"2025-06-02T20:37:30","guid":{"rendered":"https:\/\/rdnews.al\/?p=115647"},"modified":"2025-06-03T10:43:09","modified_gmt":"2025-06-03T10:43:09","slug":"rama-me-overdoze-ne-spital-denoncimi","status":"publish","type":"post","link":"https:\/\/rdnews.al\/index.php\/2025\/06\/02\/rama-me-overdoze-ne-spital-denoncimi\/","title":{"rendered":"Rama me overdoz\u00eb n\u00eb spital? Denoncimi&#8230;"},"content":{"rendered":"<p><strong>Gazetari Romir Sara\u00e7i ka b\u00ebr\u00eb nj\u00eb deklarat\u00eb t\u00eb fort\u00eb n\u00eb lidhje me kthimin e kryeministrit Edi Rama nga Gjermani, ku sipas tij ka p\u00ebrfunduar n\u00eb spital n\u00eb gjendje t\u00eb r\u00ebnd\u00eb.<\/strong><\/p>\n<p>Sipas Sara\u00e7it, Rama ka ndejtur p\u00ebr rreth 15 min n\u00eb nj\u00eb prej spitaleve t\u00eb Tiran\u00ebs n\u00eb gjendje t\u00eb r\u00ebnduar ku ka marr\u00eb sh\u00ebrbimin e shpejt\u00eb sh\u00ebndet\u00ebsor, duke b\u00ebr\u00eb nj\u00eb &#8216;pastrim t\u00eb shpejt\u00eb&#8217; t\u00eb vetes.<\/p>\n<p>Gazetari ka aluduar se Rama mund t\u00eb ket\u00eb q\u00ebn\u00eb n\u00eb overdoz\u00eb m\u00eb drog\u00ebrat n\u00eb momentin q\u00eb avioni \u00ebsht\u00eb ulur n\u00eb Tiran\u00eb.<\/p>\n<div id=\"rekl-13\">\n<div id=\"__sap-ad-15\" class=\"__sap-ads __sap-html inline tracked\" data-title=\"Credins desktop Brenda lajmit 08\"><b>&#8220;<\/b>Rama \u00ebsht\u00eb kthyer sot n\u00eb Shqip\u00ebri. Edhe nga aeroporti ka shkuar n\u00eb nga spitalet e Tiran\u00ebs n\u00eb gjendje t\u00eb r\u00ebnduar sh\u00ebndet\u00ebsore n\u00eb nj\u00eb prej spitaleve ku shkon p\u00ebrgjith\u00ebsisht. Ka marr\u00eb nj\u00eb trajtim t\u00eb shpejt\u00eb mjek\u00ebsor n\u00eb gjendje t\u00eb r\u00ebnduar sh\u00ebndet\u00ebsore, shenjat treguese&#8230;Ka marr\u00eb nd\u00ebrhyrjen e menj\u00ebhershme urgjente mjek\u00ebsore dhe m\u00eb pas \u00ebsht\u00eb larguar n\u00eb drejtim q\u00eb nuk e dim\u00eb ku ka shkuar p\u00ebr t\u00eb mvijaur trajnimin sh\u00ebndet\u00ebsor n\u00eb Shqip\u00ebri. B\u00ebhet fjal\u00eb p\u00ebr or\u00ebn 14:15-14:30. Ka ndejtur shum\u00eb pak sa ka marr\u00eb ndihm\u00ebn mjek\u00ebsore dhe m\u00eb pas \u00ebsht\u00eb larguar. Sipas informacioneve t\u00eb mia n\u00eb gjendje t\u00eb r\u00ebnduar sh\u00ebndet\u00ebsore jo p\u00ebr jet\u00ebn por ka b\u00ebr\u00eb nj\u00eb pastrim t\u00eb shpejt\u00eb t\u00eb vetes&#8221;, tha gazetari Saraci.\/Syri.net<\/div>\n<\/div>\n","protected":false},"excerpt":{"rendered":"<p>Gazetari Romir Sara\u00e7i ka b\u00ebr\u00eb nj\u00eb deklarat\u00eb t\u00eb fort\u00eb n\u00eb lidhje me kthimin e kryeministrit Edi Rama nga Gjermani, ku sipas tij ka p\u00ebrfunduar n\u00eb spital n\u00eb gjendje t\u00eb r\u00ebnd\u00eb. Sipas Sara\u00e7it, Rama ka ndejtur p\u00ebr rreth 15 min n\u00eb nj\u00eb prej spitaleve t\u00eb Tiran\u00ebs n\u00eb gjendje t\u00eb r\u00ebnduar ku ka marr\u00eb sh\u00ebrbimin e shpejt\u00eb &hellip;<\/p>\n","protected":false},"author":3,"featured_media":115649,"comment_status":"closed","ping_status":"closed","sticky":false,"template":"","format":"standard","meta":{"footnotes":""},"categories":[40],"tags":[],"class_list":["post-115647","post","type-post","status-publish","format-standard","has-post-thumbnail","","category-aktualitet"],"_links":{"self":[{"href":"https:\/\/rdnews.al\/index.php\/wp-json\/wp\/v2\/posts\/115647","targetHints":{"allow":["GET"]}}],"collection":[{"href":"https:\/\/rdnews.al\/index.php\/wp-json\/wp\/v2\/posts"}],"about":[{"href":"https:\/\/rdnews.al\/index.php\/wp-json\/wp\/v2\/types\/post"}],"author":[{"embeddable":true,"href":"https:\/\/rdnews.al\/index.php\/wp-json\/wp\/v2\/users\/3"}],"replies":[{"embeddable":true,"href":"https:\/\/rdnews.al\/index.php\/wp-json\/wp\/v2\/comments?post=115647"}],"version-history":[{"count":1,"href":"https:\/\/rdnews.al\/index.php\/wp-json\/wp\/v2\/posts\/115647\/revisions"}],"predecessor-version":[{"id":115650,"href":"https:\/\/rdnews.al\/index.php\/wp-json\/wp\/v2\/posts\/115647\/revisions\/115650"}],"wp:featuredmedia":[{"embeddable":true,"href":"https:\/\/rdnews.al\/index.php\/wp-json\/wp\/v2\/media\/115649"}],"wp:attachment":[{"href":"https:\/\/rdnews.al\/index.php\/wp-json\/wp\/v2\/media?parent=115647"}],"wp:term":[{"taxonomy":"category","embeddable":true,"href":"https:\/\/rdnews.al\/index.php\/wp-json\/wp\/v2\/categories?post=115647"},{"taxonomy":"post_tag","embeddable":true,"href":"https:\/\/rdnews.al\/index.php\/wp-json\/wp\/v2\/tags?post=115647"}],"curies":[{"name":"wp","href":"https:\/\/api.w.org\/{rel}","templated":true}]}}