{"id":115655,"date":"2025-06-03T08:17:34","date_gmt":"2025-06-03T08:17:34","guid":{"rendered":"https:\/\/rdnews.al\/?p=115655"},"modified":"2025-06-03T08:17:34","modified_gmt":"2025-06-03T08:17:34","slug":"130-mije-fletet-e-munguara-kaso-kerkesa-jone-bazohet-tek-procesverbalet-e-tyre","status":"publish","type":"post","link":"https:\/\/rdnews.al\/index.php\/2025\/06\/03\/130-mije-fletet-e-munguara-kaso-kerkesa-jone-bazohet-tek-procesverbalet-e-tyre\/","title":{"rendered":"130 mij\u00eb flet\u00ebt e munguara\/ Kaso: K\u00ebrkesa jon\u00eb bazohet tek procesverbalet e tyre!"},"content":{"rendered":"<p>Sekretari p\u00ebr\u00a0\u00e7\u00ebshtjet\u00a0ligjore n\u00eb PD, Ivi Kaso i ftuar n\u00eb \u201cLog.\u201d p\u00ebr t\u00eb diskutuar mbi k\u00ebrkes\u00ebn e PD p\u00ebr nisjen e hetimit administrativ nga KQZ p\u00ebr humbjen e 130 mij\u00eb flet\u00ebve t\u00eb votimit, tha se kjo k\u00ebrkes\u00eb bazohet n\u00eb t\u00eb dh\u00ebnat zyrtare nga procesverbalet e KQZ-s\u00eb.<\/p>\n<p>Sipas Kasos, n\u00ebse flet\u00ebt nuk dalin, duhet t\u00eb jepet llogari ku jan\u00eb pasi teprica e flet\u00ebve q\u00eb kan\u00eb ngelur jan\u00eb m\u00eb pak se teprica q\u00eb duhet t\u00eb mbetej. Ka disa flet\u00eb q\u00eb as jan\u00eb t\u00eb p\u00ebrdorura as t\u00eb pa p\u00ebrdorura.<\/p>\n<p>\u201cNuk dihet se ca ka ndodhur por logjika m\u00eb e thjesht\u00eb \u00ebsht\u00eb se ato flet\u00eb mund t\u00eb jen\u00eb z\u00ebvend\u00ebsuar. Kemi prov\u00ebn se kemi vendimin e KQZ q\u00eb jan\u00eb prodhuar 3 milion\u00eb e 534 mij\u00eb e 792.<\/p>\n<p>Jan\u00eb gjetur 1 milion\u00a0 463 mije e 204 n\u00eb kutit\u00eb e votimit, jan\u00eb deklaruar t\u00eb pap\u00ebrdorura 1 milion e 935 mij\u00eb e 834, 5 mij\u00eb jan\u00eb t\u00eb d\u00ebmtuara mungojn\u00eb 130 mij\u00eb e 754. Ne nuk akuzojm\u00eb por themi nga procesverbalet q\u00eb na keni dh\u00ebn\u00eb gjejeni ju ku jan\u00eb\u201d.<\/p>\n","protected":false},"excerpt":{"rendered":"<p>Sekretari p\u00ebr\u00a0\u00e7\u00ebshtjet\u00a0ligjore n\u00eb PD, Ivi Kaso i ftuar n\u00eb \u201cLog.\u201d p\u00ebr t\u00eb diskutuar mbi k\u00ebrkes\u00ebn e PD p\u00ebr nisjen e hetimit administrativ nga KQZ p\u00ebr humbjen e 130 mij\u00eb flet\u00ebve t\u00eb votimit, tha se kjo k\u00ebrkes\u00eb bazohet n\u00eb t\u00eb dh\u00ebnat zyrtare nga procesverbalet e KQZ-s\u00eb. Sipas Kasos, n\u00ebse flet\u00ebt nuk dalin, duhet t\u00eb jepet llogari &hellip;<\/p>\n","protected":false},"author":4,"featured_media":115432,"comment_status":"closed","ping_status":"closed","sticky":false,"template":"","format":"standard","meta":{"footnotes":""},"categories":[37],"tags":[],"class_list":["post-115655","post","type-post","status-publish","format-standard","has-post-thumbnail","","category-politike"],"_links":{"self":[{"href":"https:\/\/rdnews.al\/index.php\/wp-json\/wp\/v2\/posts\/115655","targetHints":{"allow":["GET"]}}],"collection":[{"href":"https:\/\/rdnews.al\/index.php\/wp-json\/wp\/v2\/posts"}],"about":[{"href":"https:\/\/rdnews.al\/index.php\/wp-json\/wp\/v2\/types\/post"}],"author":[{"embeddable":true,"href":"https:\/\/rdnews.al\/index.php\/wp-json\/wp\/v2\/users\/4"}],"replies":[{"embeddable":true,"href":"https:\/\/rdnews.al\/index.php\/wp-json\/wp\/v2\/comments?post=115655"}],"version-history":[{"count":1,"href":"https:\/\/rdnews.al\/index.php\/wp-json\/wp\/v2\/posts\/115655\/revisions"}],"predecessor-version":[{"id":115656,"href":"https:\/\/rdnews.al\/index.php\/wp-json\/wp\/v2\/posts\/115655\/revisions\/115656"}],"wp:featuredmedia":[{"embeddable":true,"href":"https:\/\/rdnews.al\/index.php\/wp-json\/wp\/v2\/media\/115432"}],"wp:attachment":[{"href":"https:\/\/rdnews.al\/index.php\/wp-json\/wp\/v2\/media?parent=115655"}],"wp:term":[{"taxonomy":"category","embeddable":true,"href":"https:\/\/rdnews.al\/index.php\/wp-json\/wp\/v2\/categories?post=115655"},{"taxonomy":"post_tag","embeddable":true,"href":"https:\/\/rdnews.al\/index.php\/wp-json\/wp\/v2\/tags?post=115655"}],"curies":[{"name":"wp","href":"https:\/\/api.w.org\/{rel}","templated":true}]}}